{"id":18569,"date":"2017-07-14T17:12:47","date_gmt":"2017-07-14T16:12:47","guid":{"rendered":"http:\/\/diariodevurgos.com\/dvwps\/?p=18569"},"modified":"2017-07-14T17:12:47","modified_gmt":"2017-07-14T16:12:47","slug":"x-encuentro-del-libro-anarquista-de-salamanca","status":"publish","type":"post","link":"https:\/\/diariodevurgos.com\/dvwps\/x-encuentro-del-libro-anarquista-de-salamanca.php","title":{"rendered":"X Encuentro del Libro Anarquista de Salamanca"},"content":{"rendered":"<p class=\"lead\">Del <strong>11 al 12 de agosto de 2017<\/strong> tendr\u00e1 lugar en Salamanca la<strong> X edici\u00f3n del Encuentro del Libro Anarquista<\/strong>. Una iniciativa que, como en ediciones anteriroes tendr\u00e1 lugar en la plaza de Barclona de la capital charra, y que se suma a la gran cantidad de citas que en diferentes geograf\u00ed\u00adas se vienen realizando en el marco de la difusi\u00f3n del pensamiento cr\u00ed\u00adtico y libertario.<\/p>\n<p>El cartel de esta nueva edici\u00f3n, con la que el Encuentro de Salamanca cumple ya una d\u00e9cada, ha sido realizado por el artista mallorqu\u00ed\u00adn Alberto &#8220;Tim&#8221;, en el que aparecen ilustres hist\u00f3ricos libertarios, como el ruso Piotr Kropotkin, la feminista Luc\u00ed\u00ada S\u00e1nchez Saornil, el revolucionario leon\u00e9s Buenaventura Durruti, la pedagoga salmantina Josefa Mart\u00ed\u00adn Luengo, el hist\u00f3rico sindicalista F\u00e9lix Pad\u00ed\u00adn, el fil\u00f3logo zamorano Agust\u00ed\u00adn Garc\u00ed\u00ada Calvo quien aparece sentado en el dibujo y el vallisoletano Fernando Carballo Blanco. Todos ellos acompa\u00f1ados de libros y diversos utensilios de imprenta.<\/p>\n<p style=\"text-align: center;\"><img loading=\"lazy\" class=\"aligncenter  wp-image-18570\" src=\"http:\/\/diariodevurgos.com\/dvwps\/wp-content\/uploads\/2017\/07\/x-encuentro-724x1024.jpg\" alt=\"\" width=\"460\" height=\"650\" srcset=\"https:\/\/diariodevurgos.com\/dvwps\/wp-content\/uploads\/2017\/07\/x-encuentro-724x1024.jpg 724w, https:\/\/diariodevurgos.com\/dvwps\/wp-content\/uploads\/2017\/07\/x-encuentro-212x300.jpg 212w, https:\/\/diariodevurgos.com\/dvwps\/wp-content\/uploads\/2017\/07\/x-encuentro-768x1086.jpg 768w, https:\/\/diariodevurgos.com\/dvwps\/wp-content\/uploads\/2017\/07\/x-encuentro-370x523.jpg 370w, https:\/\/diariodevurgos.com\/dvwps\/wp-content\/uploads\/2017\/07\/x-encuentro.jpg 1131w\" sizes=\"(max-width: 460px) 100vw, 460px\" \/><\/p>\n<p>M\u00e1s informaci\u00f3n y contenido detallado del programa en <a href=\"https:\/\/encuentrosalamanca.blogspot.com.es\/\">https:\/\/encuentrosalamanca.blogspot.com.es\/<\/a><\/p>\n","protected":false},"excerpt":{"rendered":"<p>Del 11 al 12 de agosto de 2017 tendr\u00e1 lugar en Salamanca la X edici\u00f3n del Encuentro del Libro Anarquista. Una iniciativa que, como en ediciones anteriroes tendr\u00e1 lugar en la plaza de Barclona de la capital charra, y que se suma a la gran cantidad de citas que en diferentes geograf\u00ed\u00adas se vienen realizando&#8230;  <a href=\"https:\/\/diariodevurgos.com\/dvwps\/x-encuentro-del-libro-anarquista-de-salamanca.php\" class=\"more-link\" title=\"Read X Encuentro del Libro Anarquista de Salamanca\">Read more &raquo;<\/a><\/p>\n","protected":false},"author":2,"featured_media":18570,"comment_status":"open","ping_status":"closed","sticky":false,"template":"","format":"standard","meta":[],"categories":[61,103,14,8],"tags":[],"_links":{"self":[{"href":"https:\/\/diariodevurgos.com\/dvwps\/wp-json\/wp\/v2\/posts\/18569"}],"collection":[{"href":"https:\/\/diariodevurgos.com\/dvwps\/wp-json\/wp\/v2\/posts"}],"about":[{"href":"https:\/\/diariodevurgos.com\/dvwps\/wp-json\/wp\/v2\/types\/post"}],"author":[{"embeddable":true,"href":"https:\/\/diariodevurgos.com\/dvwps\/wp-json\/wp\/v2\/users\/2"}],"replies":[{"embeddable":true,"href":"https:\/\/diariodevurgos.com\/dvwps\/wp-json\/wp\/v2\/comments?post=18569"}],"version-history":[{"count":1,"href":"https:\/\/diariodevurgos.com\/dvwps\/wp-json\/wp\/v2\/posts\/18569\/revisions"}],"predecessor-version":[{"id":18571,"href":"https:\/\/diariodevurgos.com\/dvwps\/wp-json\/wp\/v2\/posts\/18569\/revisions\/18571"}],"wp:featuredmedia":[{"embeddable":true,"href":"https:\/\/diariodevurgos.com\/dvwps\/wp-json\/wp\/v2\/media\/18570"}],"wp:attachment":[{"href":"https:\/\/diariodevurgos.com\/dvwps\/wp-json\/wp\/v2\/media?parent=18569"}],"wp:term":[{"taxonomy":"category","embeddable":true,"href":"https:\/\/diariodevurgos.com\/dvwps\/wp-json\/wp\/v2\/categories?post=18569"},{"taxonomy":"post_tag","embeddable":true,"href":"https:\/\/diariodevurgos.com\/dvwps\/wp-json\/wp\/v2\/tags?post=18569"}],"curies":[{"name":"wp","href":"https:\/\/api.w.org\/{rel}","templated":true}]}}