{"id":18652,"date":"2017-08-03T00:44:46","date_gmt":"2017-08-02T23:44:46","guid":{"rendered":"http:\/\/diariodevurgos.com\/dvwps\/?p=18652"},"modified":"2017-08-03T00:47:29","modified_gmt":"2017-08-02T23:47:29","slug":"nuestra-patria","status":"publish","type":"post","link":"https:\/\/diariodevurgos.com\/dvwps\/nuestra-patria.php","title":{"rendered":"\u00a1Nuestra patria!"},"content":{"rendered":"<p class=\"lead\">&lt;\u00a1Nuestra patria! \u00a1D\u00f3nde est\u00e1 nuestro pedazo de tierra, de esa tierra ub\u00e9rrima que no ha sido creada por nadie y debiera ser de todos? \u00bfD\u00f3nde est\u00e1n nuestras casas para tener un hogar limpio, alegre y confortable? \u00bfD\u00f3nde est\u00e1 nuestra participaci\u00f3n en el taller, en la f\u00e1brica, en el comercio?<\/p>\n<p><!--more--><\/p>\n<p>[&#8230;]Ni catalanes ni castellanos. Proletarios sojuzgados por un capitalismo veroz, eso somos y nuestro deber no es luchar por la independencia de una regi\u00f3n o contra ella, sino por nuestra independencia econ\u00f3mica, por nuestra manumisi\u00f3n de parias irredentos, por conquistar la categor\u00ed\u00ada de hombres libres en la tierra libre&gt;<\/p>\n<p>Manifiesto del comit\u00e9 local del sindicato \u00fanico de trabajadores de Burgos de la CNT publicado en Mayo de 1932, sobre el Estatuto catal\u00e1n del momento.<\/p>\n<p>Fuente: Libro <a href=\"http:\/\/diariodevurgos.com\/dvwps\/presentacion-publica-del-libro-el-anarquismo-en-burgos.php\">&#8220;El Anarquismo en Burgos&#8221;\u009d.<\/a><\/p>\n<p>Puedes conseguir este libro en la Biblioteca anarquista &#8220;La Maldita&#8221;, en calle las escuelas 8a de Gamonal.<\/p>\n","protected":false},"excerpt":{"rendered":"<p>&lt;\u00a1Nuestra patria! \u00a1D\u00f3nde est\u00e1 nuestro pedazo de tierra, de esa tierra ub\u00e9rrima que no ha sido creada por nadie y debiera ser de todos? \u00bfD\u00f3nde est\u00e1n nuestras casas para tener un hogar limpio, alegre y confortable? \u00bfD\u00f3nde est\u00e1 nuestra participaci\u00f3n en el taller, en la f\u00e1brica, en el comercio?<\/p>\n","protected":false},"author":21,"featured_media":18654,"comment_status":"open","ping_status":"closed","sticky":false,"template":"","format":"standard","meta":[],"categories":[2,6],"tags":[],"_links":{"self":[{"href":"https:\/\/diariodevurgos.com\/dvwps\/wp-json\/wp\/v2\/posts\/18652"}],"collection":[{"href":"https:\/\/diariodevurgos.com\/dvwps\/wp-json\/wp\/v2\/posts"}],"about":[{"href":"https:\/\/diariodevurgos.com\/dvwps\/wp-json\/wp\/v2\/types\/post"}],"author":[{"embeddable":true,"href":"https:\/\/diariodevurgos.com\/dvwps\/wp-json\/wp\/v2\/users\/21"}],"replies":[{"embeddable":true,"href":"https:\/\/diariodevurgos.com\/dvwps\/wp-json\/wp\/v2\/comments?post=18652"}],"version-history":[{"count":4,"href":"https:\/\/diariodevurgos.com\/dvwps\/wp-json\/wp\/v2\/posts\/18652\/revisions"}],"predecessor-version":[{"id":18657,"href":"https:\/\/diariodevurgos.com\/dvwps\/wp-json\/wp\/v2\/posts\/18652\/revisions\/18657"}],"wp:featuredmedia":[{"embeddable":true,"href":"https:\/\/diariodevurgos.com\/dvwps\/wp-json\/wp\/v2\/media\/18654"}],"wp:attachment":[{"href":"https:\/\/diariodevurgos.com\/dvwps\/wp-json\/wp\/v2\/media?parent=18652"}],"wp:term":[{"taxonomy":"category","embeddable":true,"href":"https:\/\/diariodevurgos.com\/dvwps\/wp-json\/wp\/v2\/categories?post=18652"},{"taxonomy":"post_tag","embeddable":true,"href":"https:\/\/diariodevurgos.com\/dvwps\/wp-json\/wp\/v2\/tags?post=18652"}],"curies":[{"name":"wp","href":"https:\/\/api.w.org\/{rel}","templated":true}]}}