{"id":18725,"date":"2017-09-02T09:25:34","date_gmt":"2017-09-02T08:25:34","guid":{"rendered":"http:\/\/diariodevurgos.com\/dvwps\/?p=18725"},"modified":"2017-09-02T10:10:01","modified_gmt":"2017-09-02T09:10:01","slug":"que-pasa-con-el-parque-de-artilleria","status":"publish","type":"post","link":"https:\/\/diariodevurgos.com\/dvwps\/que-pasa-con-el-parque-de-artilleria.php","title":{"rendered":"\u00bfQu\u00e9 pasa con el Parque de Artiller\u00ed\u00ada?"},"content":{"rendered":"<p class=\"lead\">El 27 de septiembre sale a subasta una parcela con la que muchos abusos se han cometido a l@s vecin@s de Burgos: el Parque de Artiller\u00ed\u00ada de &#8220;Santa B\u00e1rbara&#8221;\u009d.<\/p>\n<p>Publicamos a continuaci\u00f3n un texto de <a href=\"http:\/\/www.comunalesvivos.net\/\">Comunales Vivos<\/a> donde plantean su alternativa para el Parque de Artilleria convocando una <a href=\"http:\/\/www.comunalesvivos.net\/wp-content\/uploads\/2017\/08\/cuartilla_Comunales_Vivos3.pdf\">asamblea abierta<\/a> para el <strong>jueves 14 de septiembre<\/strong> a las<strong> 20:00 horas<\/strong> en la <strong>Casa de Cultura de Gamonal.<\/strong><!--more--><\/p>\n<p>El 27 de septiembre sale a subasta una parcela con la que muchos abusos se han cometido a l@s vecin@s de Burgos: el Parque de Artiller\u00ed\u00ada de &#8220;Santa B\u00e1rbara&#8221;\u009d. La misma pertenece indebidamente al Ministerio de Defensa, quien se apoder\u00f3 de la misma en 1948 tras una operaci\u00f3n llena de irregularidades, y su p\u00e9rdida supuso, para el entonces pueblo independiente de Gamonal de R\u00ed\u00ado Pico, la desposesi\u00f3n de unos terrenos de uso comunal. Nos encontramos ante otra imposici\u00f3n m\u00e1s del estamento militar, que, con la arrogancia y prepotencia que le caracteriza, era indisociable por aquellas fechas de la dictadura franquista<\/p>\n<p>Urban\u00ed\u00adsticamente hablando, estos<strong> 48. 264 m\u00b2<\/strong>, que lindan entre el antiguo pueblo de Gamonal y la ciudad de Burgos, constituyen toda una fractura en la geograf\u00ed\u00ada f\u00ed\u00adsica y social del actual municipio, y, al parecer, solo ha habido voluntad para solucionarlo desde la especulaci\u00f3n. Yendo un poco m\u00e1s all\u00e1, la estrangulaci\u00f3n de todo el mapa urbano con una serie de infraestructuras militares (Ciudad Deportiva Militar, Cuartel 2 de Mayo&#8230;), todas ellas fruto de descarado expolio, son la muestra m\u00e1s gr\u00e1fica de como los dise\u00f1os arquitect\u00f3nicos y los planes de gobierno -sometimiento- van de la mano.<\/p>\n<p style=\"text-align: center;\"><img loading=\"lazy\" class=\"aligncenter wp-image-18727\" src=\"http:\/\/diariodevurgos.com\/dvwps\/wp-content\/uploads\/2017\/09\/Los-barrios-deciden.jpg\" alt=\"\" width=\"389\" height=\"554\" \/><\/p>\n<p>El ruido medi\u00e1tico y propagand\u00ed\u00adstico volcado a este respecto ha intentado cercar cualquier debate en una cuesti\u00f3n de partidos. <strong>La opini\u00f3n de quienes nos andamos las calles, las gozamos y las sufrimos, no cuenta para absolutamente nada,<\/strong> salvo en el caso de poder ser patrimonializada bajo alguna sigla. Se trata de la pol\u00ed\u00adtica como disciplina, t\u00e9cnica, con sus profesionales y entendid@s, y no como lugar para habitar y crear en com\u00fan.<br \/>\nLa historia del Parque de Artiller\u00ed\u00ada no es una excepci\u00f3n, forma parte de un largo proceso que, durante siglos, ha procurado la mercantilizaci\u00f3n de cualquier recoveco de lo existente. Se trata, en realidad, de esa historia nuestra de cada d\u00ed\u00ada.<\/p>\n<p><strong>\u00bfQu\u00e9 son los bienes comunales?<\/strong><br \/>\nLos bienes comunales son aquellos recursos que pertenecen a una comunidad de vecinos para su aprovechamiento colectivo. Entendidos desde el Medievo como<strong> medios para la reproducci\u00f3n de la vida<\/strong>, con los que hacer frente a la dominaci\u00f3n, abarcan una amplia variedad de soportes materiales: montes, r\u00ed\u00ados, fraguas, hornos, minas&#8230; Su encaje en el concepto moderno de propiedad no es posible, ya que este siempre lleva aparejada la idea de explotaci\u00f3n econ\u00f3mica. Alguien deber\u00ed\u00ada explicar este hecho a Javier Lacalle, que en sus declaraciones da continuas muestras de completa ignorancia. Esquilmados ileg\u00ed\u00adtimamente, en un largo proceso de usurpaci\u00f3n y violencia que llega hasta la actualidad, solo nos quedan vagos testimonios de ellos, desvirtuados bajo figuras de propiedad p\u00fablica. Con ellos se nos fue lo m\u00e1s importante, lo m\u00e1s valioso, un medio para el v\u00ed\u00adnculo con el otro; porque<strong> los bienes comunales son, ante todo, una manera de estar, ser, compartir y resistir juntos.<\/strong><\/p>\n<p><iframe loading=\"lazy\" width=\"580\" height=\"326\" src=\"https:\/\/www.youtube.com\/embed\/19z9FoLyIKg?feature=oembed\" frameborder=\"0\" allowfullscreen><\/iframe><\/p>\n<p>Adem\u00e1s, como demostr\u00f3 Elinor Ostrom, Premio Nobel de Econom\u00ed\u00ada en 2009, estos son hist\u00f3ricamente la forma m\u00e1s inteligente de gesti\u00f3n y conservaci\u00f3n por encima de cualquier f\u00f3rmula de libre competencia o planificaci\u00f3n estatal.En este marco situamos al Parque de Artiller\u00ed\u00ada, en el de intentar invertir esa din\u00e1mica generalizada de desposesi\u00f3n y desamparo a las gentes del com\u00fan, al pueblo.<\/p>\n<p><strong>\u00bfQu\u00e9 nos supone en la situaci\u00f3n actual?<\/strong><br \/>\nTras cada crisis, el empeoramiento de las condiciones de vida es progresivo. Si este hecho nos pasa tantas veces desapercibido es porque, para sobrevivir, nos solemos acostumbrar a cada nueva situaci\u00f3n. Es nuestra triste manera de no quedar apartados fuera del camino, una mezcla de resignaci\u00f3n y olvido. Pero la dura realidad, para quien se acerca a ella sin filtros de colores ideol\u00f3gicos, es dura e inapelable. En ella se puede dibujar ya un escenario donde trabajar no quiere decir no ser pobre. Todo el \u00e1mbito laboral se mantiene a flote gracias a una insultante precarizaci\u00f3n: el nuevo empleo consiste en extrema temporalidad y retribuciones por los suelos. Si, en el 2005, el t\u00e9rmino mileurista serv\u00ed\u00ada para calibrar la desventaja salarial, hoy, incluso cuando el dinero vale menos, ya no. Con una desigualdad en la que las familias m\u00e1s ricas ganan siete veces m\u00e1s que las m\u00e1s pobres, el cord\u00f3n pol\u00ed\u00adtico-sanitario de la exclusi\u00f3n amenaza a un tercio de la poblaci\u00f3n de este Estado.<strong> En este camino hacia la neo-servidumbre, donde todo queda al servicio de la generaci\u00f3n de ganancias<\/strong> (la plena disponibilidad de nuestras habilidades, mentes, agendas, ocios, sue\u00f1os, vidas&#8230;), <strong>en el fondo nos habla del colapso que se nos viene encima<\/strong>.<\/p>\n<p>M\u00e1s que una yerma nostalgia de aquel para\u00ed\u00adso perdido del estado del bienestar, que no daba m\u00e1s de s\u00ed\u00ad, esta deber\u00ed\u00ada ser una llamada de atenci\u00f3n sobre c\u00f3mo poder <strong>organizar la vida en colectivo, tejiendo redes, habitando de una manera diferente el espacio: como el Parque de Artiller\u00ed\u00ada.<\/strong> No ponerlo a disposici\u00f3n de la especulaci\u00f3n, ni de las jerarqu\u00ed\u00adas de la burocracia, sino de las demandas sociales de los vecinos de Burgos.<\/p>\n<p><strong>\u00bfQu\u00e9 propone Comunales Vivos?<\/strong><br \/>\nUna salida comunal para el Parque de Artiller\u00ed\u00ada. Esto significa<strong> que pase a manos de l@s vecin@s de Burgos \u2013no del Ayuntamiento o privadas\u2013, para su gesti\u00f3n de manera asamblearia.<\/strong> Son muchos los ejemplos a lo largo de la historia, y en la actualidad, que demuestran que este tipo de funcionamiento es mucho m\u00e1s honesto, eficaz y respetuoso. Aqu\u00ed\u00ad, en Castilla, las reuniones de los Concejos abiertos (asambleas vecinales), mientras fueron soberanos, eran \u00f3rganos de toma de decisi\u00f3n en colectivo sobre los asuntos que incumb\u00ed\u00adan a todos. Tambi\u00e9n en el movimiento obrero, y m\u00e1s recientemente en los movimientos sociales, son innumerables las experiencias en las que los propios afectados resuelven sus problemas organizados de manera horizontal, participativa e igualitaria. En definitiva, exigimos que no se nos siga tratando en pol\u00ed\u00adtica con desprecio, y poder desplegar todas nuestras capacidades sociales en el \u00fanico inter\u00e9s del bien com\u00fan.<\/p>\n<p style=\"text-align: center;\"><img loading=\"lazy\" width=\"480\" height=\"165\" class=\"aligncenter size-full wp-image-18726\" src=\"http:\/\/diariodevurgos.com\/dvwps\/wp-content\/uploads\/2017\/09\/1-Euro.jpg\" alt=\"\" srcset=\"https:\/\/diariodevurgos.com\/dvwps\/wp-content\/uploads\/2017\/09\/1-Euro.jpg 480w, https:\/\/diariodevurgos.com\/dvwps\/wp-content\/uploads\/2017\/09\/1-Euro-300x103.jpg 300w, https:\/\/diariodevurgos.com\/dvwps\/wp-content\/uploads\/2017\/09\/1-Euro-370x127.jpg 370w\" sizes=\"(max-width: 480px) 100vw, 480px\" \/><\/p>\n<p>Por supuesto, no tendr\u00ed\u00ada sentido de otro modo, este deber\u00ed\u00ada ser un espacio no mercantilizado de la existencia: <strong>donde quien importen seamos las personas, con nuestras necesidades, inquietudes, aspiraciones&#8230;<\/strong> Tanto lo p\u00fablico (en rigor lo estatal) como lo privado pasa por poner precio a todo aquello de lo que trata: en un caso lo pagamos indirectamente a trav\u00e9s de los impuestos, en el otro directamente del bolsillo. Pero no tenemos porque andar compr\u00e1ndonos o vendi\u00e9ndonos, seg\u00fan los antojos del mercado, cuando podemos desarrollar por medio del apoyo mutuo y la co-responsabilidad relaciones que hagan de nuestros barrios y de nuestras ciudades lugares para un buen vivir.<br \/>\nAdem\u00e1s, nos parecen irrenunciables, tanto el recinto como las instalaciones de Artiller\u00ed\u00ada, por haber sido expoliados mediante una transacci\u00f3n fraudulenta, en este caso, al pueblo de Gamonal. Es hora de hacer volver com\u00fan al pueblo lo que del pueblo saliera.<\/p>\n<p><strong>\u00bfQui\u00e9nes somos Comunales Vivos?<\/strong><br \/>\n<strong>Comunales Vivos es una asamblea a favor de la recuperaci\u00f3n de los bienes comunales y de la defensa del territorio. Nace a ra\u00ed\u00adz de las<\/strong> primeras noticias, que saltan a la prensa local, relacionadas con la subasta del Parque de Artiller\u00ed\u00ada. En ellas se confirma lo que es regla: el secuestro por parte de todo el entramado pol\u00ed\u00adtico-administrativo de lo que, como m\u00ed\u00adnimo, deber\u00ed\u00ada ser un debate abierto, transparente y plural. El primer objetivo que se marca esta asamblea es el propiciar dicho debate, el restituir a las gentes del com\u00fan sus capacidades pol\u00ed\u00adticas. M\u00e1s aun cuando <strong>resulta evidente la urgencia en fomentar instituciones propias cuyo \u00fanico fin sean las personas y sus comunidades, y no la circulaci\u00f3n de capitales<\/strong>. Cada golpe asestado por la econom\u00ed\u00ada, cada crisis, es un aviso de ello.<br \/>\nEste punto de encuentro, Comunales Vivos, surge con una serie de planteamientos iniciales, con los que hemos intentando contestar a cada una de estas preguntas, todos ellos dialogables; e incluso con m\u00e1s de una convicci\u00f3n: debe existir una cierta coherencia entre los medios y los fines, por eso el organizarnos en asamblea.<\/p>\n<p style=\"text-align: center;\"><img loading=\"lazy\" class=\"aligncenter  wp-image-18730\" src=\"http:\/\/diariodevurgos.com\/dvwps\/wp-content\/uploads\/2017\/09\/Por-una-artiller\u00ed\u00ada-comunal.jpg\" alt=\"\" width=\"465\" height=\"325\" \/><\/p>\n<p>Con todo, nuestro empe\u00f1o en sumar voluntades, manos, codos, cabezas&#8230; se debe a la certeza de que solo una amplia mayor\u00ed\u00ada social podr\u00e1 dar contenido y definir lo que ha de ser, en este caso, un proyecto comunal para el Parque de Artiller\u00ed\u00ada, una <em>Artiller\u00ed\u00ada Comunal<\/em>.<\/p>\n<p>Por eso, este desplegable que est\u00e1s leyendo, quiere ser entendido como una puerta abierta a tomar asiento y la palabra; a recomponer lo com\u00fan, para encontrar soluciones en colectivo.<br \/>\n\u2013\u2013\u2013\u2013\u2013\u2013\u2013\u2013\u2013\u2013\u2013\u2013\u2013\u2013\u2013\u2013\u2013\u2013\u2013\u2013\u2013\u2013\u2013\u2013\u2013\u2013\u2013\u2013<br \/>\nLa cultura popular castellana fue capaz de sentenciar que, en estas tierras, nadie es m\u00e1s que nadie, as\u00ed\u00ad le dijo un pastor soriano a Antonio Machado. Esto fue posible gracias a unas pr\u00e1cticas comunales que daban lugar a otro tipo de relaciones sociales, a otros imaginarios, a otra cosmovisi\u00f3n de la naturaleza y del mundo. En ellas se encuentra nuestro mayor tesoro, una riqueza no medible en t\u00e9rminos econ\u00f3micos, sino sociales e hist\u00f3ricos. En su defensa est\u00e1 nuestro futuro.<\/p>\n<p><strong>\u00a1Por una salida comunal!<\/strong><br \/>\n<strong>\u00a1En su defensa est\u00e1 nuestro futuro!<\/strong><\/p>\n","protected":false},"excerpt":{"rendered":"<p>El 27 de septiembre sale a subasta una parcela con la que muchos abusos se han cometido a l@s vecin@s de Burgos: el Parque de Artiller\u00ed\u00ada de &#8220;Santa B\u00e1rbara&#8221;\u009d. Publicamos a continuaci\u00f3n un texto de Comunales Vivos donde plantean su alternativa para el Parque de Artilleria convocando una asamblea abierta para el jueves 14 de&#8230;  <a href=\"https:\/\/diariodevurgos.com\/dvwps\/que-pasa-con-el-parque-de-artilleria.php\" class=\"more-link\" title=\"Read \u00bfQu\u00e9 pasa con el Parque de Artiller\u00ed\u00ada?\">Read more &raquo;<\/a><\/p>\n","protected":false},"author":2,"featured_media":18730,"comment_status":"open","ping_status":"closed","sticky":false,"template":"","format":"standard","meta":[],"categories":[2,57,12,27,49,8],"tags":[],"_links":{"self":[{"href":"https:\/\/diariodevurgos.com\/dvwps\/wp-json\/wp\/v2\/posts\/18725"}],"collection":[{"href":"https:\/\/diariodevurgos.com\/dvwps\/wp-json\/wp\/v2\/posts"}],"about":[{"href":"https:\/\/diariodevurgos.com\/dvwps\/wp-json\/wp\/v2\/types\/post"}],"author":[{"embeddable":true,"href":"https:\/\/diariodevurgos.com\/dvwps\/wp-json\/wp\/v2\/users\/2"}],"replies":[{"embeddable":true,"href":"https:\/\/diariodevurgos.com\/dvwps\/wp-json\/wp\/v2\/comments?post=18725"}],"version-history":[{"count":6,"href":"https:\/\/diariodevurgos.com\/dvwps\/wp-json\/wp\/v2\/posts\/18725\/revisions"}],"predecessor-version":[{"id":18734,"href":"https:\/\/diariodevurgos.com\/dvwps\/wp-json\/wp\/v2\/posts\/18725\/revisions\/18734"}],"wp:featuredmedia":[{"embeddable":true,"href":"https:\/\/diariodevurgos.com\/dvwps\/wp-json\/wp\/v2\/media\/18730"}],"wp:attachment":[{"href":"https:\/\/diariodevurgos.com\/dvwps\/wp-json\/wp\/v2\/media?parent=18725"}],"wp:term":[{"taxonomy":"category","embeddable":true,"href":"https:\/\/diariodevurgos.com\/dvwps\/wp-json\/wp\/v2\/categories?post=18725"},{"taxonomy":"post_tag","embeddable":true,"href":"https:\/\/diariodevurgos.com\/dvwps\/wp-json\/wp\/v2\/tags?post=18725"}],"curies":[{"name":"wp","href":"https:\/\/api.w.org\/{rel}","templated":true}]}}