{"id":18752,"date":"2017-09-06T23:22:45","date_gmt":"2017-09-06T22:22:45","guid":{"rendered":"http:\/\/diariodevurgos.com\/dvwps\/?p=18752"},"modified":"2017-09-06T23:27:32","modified_gmt":"2017-09-06T22:27:32","slug":"antonio-miguel-mendez-pozo-investigado-por-un-posible-caso-de-extorsion","status":"publish","type":"post","link":"https:\/\/diariodevurgos.com\/dvwps\/antonio-miguel-mendez-pozo-investigado-por-un-posible-caso-de-extorsion.php","title":{"rendered":"Antonio Miguel M\u00e9ndez Pozo investigado por un posible caso de extorsi\u00f3n"},"content":{"rendered":"<p class=\"lead\">Tomas Villanueva, Manuel Vidal y Antonio Miguel M\u00e9ndez Pozo, est\u00e1n siendo investigados por la fiscal\u00ed\u00ada por un posible delito de extorsi\u00f3n sobre un empresario afincado en Zamora.<\/p>\n<p>Los hechos denunciados se habr\u00ed\u00adan producido entre 2006 y 2009 cuando los ahora investigados habr\u00ed\u00adan exigido al denunciante, Vicente Merino, una mordida del 20% en la participaci\u00f3n de su empresa si quer\u00ed\u00ada que su proyecto <em>saliese a delante<\/em> en Castilla y Le\u00f3n.<!--more--><\/p>\n<p>Tom\u00e1s Villanueva, Consejero de Econom\u00ed\u00ada y Empleo de la Junta de Castilla y Le\u00f3n, Manuel Vidal, presidente de la C\u00e1mara de Comercio en Zamora y su hom\u00f3nimo en Burgos, Antonio Miguel M\u00e9ndez Pozo, est\u00e1n actualmente siendo investigados por un posible delito de extorsi\u00f3n sobre el empresario Vicente Merino, responsable de la Biorrefiner\u00ed\u00ada Multifuncional de Barcial del Barco (Zamora).<\/p>\n<p style=\"text-align: center;\"><img loading=\"lazy\" class=\"aligncenter wp-image-18757\" src=\"http:\/\/diariodevurgos.com\/dvwps\/wp-content\/uploads\/2017\/09\/Antonio-Miguel-2.jpg\" alt=\"\" width=\"439\" height=\"293\" srcset=\"https:\/\/diariodevurgos.com\/dvwps\/wp-content\/uploads\/2017\/09\/Antonio-Miguel-2.jpg 644w, https:\/\/diariodevurgos.com\/dvwps\/wp-content\/uploads\/2017\/09\/Antonio-Miguel-2-300x200.jpg 300w, https:\/\/diariodevurgos.com\/dvwps\/wp-content\/uploads\/2017\/09\/Antonio-Miguel-2-370x247.jpg 370w\" sizes=\"(max-width: 439px) 100vw, 439px\" \/><\/p>\n<p>Seg\u00fan declaraciones de Merino a una emisora de radio, Manuel Vidal, quien afirmaba hablar en nombre de Villanueva y M\u00e9ndez Pozo, le exigi\u00f3 el 20% de la participaci\u00f3n en la empresa o el proyecto no ser\u00ed\u00ada<em> viable<\/em> en Castilla y Le\u00f3n. Merino, que ya habr\u00ed\u00ada denunciado los hechos en 2015, pero obviando en aquella ocasi\u00f3n los nombres incluso a la propia Fiscal\u00ed\u00ada,situaci\u00f3n que propici\u00f3 que la causa se archivase, ha declarado actuar ahora movido por la indignaci\u00f3n que le causan los casos de corrupci\u00f3n en la denominada Trama E\u00f3lica,\u00a0 un reciente esc\u00e1ndalo de corrupci\u00f3n en el que se encuentran implicados varios altos cargos de la Junta de Castilla y Le\u00f3n.<\/p>\n<p>Manuel Vidal se ha apresurado en afirmar que todo se trata de una &#8220;solemne mentira&#8221;\u009d aunque muy probablemente tendr\u00e1 que declarar ante el fiscal jefe de Zamora quien, seg\u00fan diversos medios de comunicaci\u00f3n,\u00a0 ya ha abierto diligencias en relaci\u00f3n con los hechos denunciados.<\/p>\n<p>Por su parte, Antonio Miguel M\u00e9ndez Pozo, presidente de la C\u00e1mara de Comercio de Burgos, editor de Diario de Burgos, y presidente a su vez de Fundaci\u00f3n Atapuerca, fue ya imputado por el denominado <a href=\"https:\/\/es.wikipedia.org\/wiki\/Caso_de_la_construcci%C3%B3n\">Caso de la Construcci\u00f3n<\/a> en el que a principios de los a\u00f1os 90 fue condenado junto con diversos responsables pol\u00ed\u00adticos del Ayuntamiento de Burgos.<\/p>\n","protected":false},"excerpt":{"rendered":"<p>Tomas Villanueva, Manuel Vidal y Antonio Miguel M\u00e9ndez Pozo, est\u00e1n siendo investigados por la fiscal\u00ed\u00ada por un posible delito de extorsi\u00f3n sobre un empresario afincado en Zamora. Los hechos denunciados se habr\u00ed\u00adan producido entre 2006 y 2009 cuando los ahora investigados habr\u00ed\u00adan exigido al denunciante, Vicente Merino, una mordida del 20% en la participaci\u00f3n de&#8230;  <a href=\"https:\/\/diariodevurgos.com\/dvwps\/antonio-miguel-mendez-pozo-investigado-por-un-posible-caso-de-extorsion.php\" class=\"more-link\" title=\"Read Antonio Miguel M\u00e9ndez Pozo investigado por un posible caso de extorsi\u00f3n\">Read more &raquo;<\/a><\/p>\n","protected":false},"author":2,"featured_media":18753,"comment_status":"open","ping_status":"closed","sticky":false,"template":"","format":"standard","meta":[],"categories":[2,95],"tags":[],"_links":{"self":[{"href":"https:\/\/diariodevurgos.com\/dvwps\/wp-json\/wp\/v2\/posts\/18752"}],"collection":[{"href":"https:\/\/diariodevurgos.com\/dvwps\/wp-json\/wp\/v2\/posts"}],"about":[{"href":"https:\/\/diariodevurgos.com\/dvwps\/wp-json\/wp\/v2\/types\/post"}],"author":[{"embeddable":true,"href":"https:\/\/diariodevurgos.com\/dvwps\/wp-json\/wp\/v2\/users\/2"}],"replies":[{"embeddable":true,"href":"https:\/\/diariodevurgos.com\/dvwps\/wp-json\/wp\/v2\/comments?post=18752"}],"version-history":[{"count":6,"href":"https:\/\/diariodevurgos.com\/dvwps\/wp-json\/wp\/v2\/posts\/18752\/revisions"}],"predecessor-version":[{"id":18760,"href":"https:\/\/diariodevurgos.com\/dvwps\/wp-json\/wp\/v2\/posts\/18752\/revisions\/18760"}],"wp:featuredmedia":[{"embeddable":true,"href":"https:\/\/diariodevurgos.com\/dvwps\/wp-json\/wp\/v2\/media\/18753"}],"wp:attachment":[{"href":"https:\/\/diariodevurgos.com\/dvwps\/wp-json\/wp\/v2\/media?parent=18752"}],"wp:term":[{"taxonomy":"category","embeddable":true,"href":"https:\/\/diariodevurgos.com\/dvwps\/wp-json\/wp\/v2\/categories?post=18752"},{"taxonomy":"post_tag","embeddable":true,"href":"https:\/\/diariodevurgos.com\/dvwps\/wp-json\/wp\/v2\/tags?post=18752"}],"curies":[{"name":"wp","href":"https:\/\/api.w.org\/{rel}","templated":true}]}}