{"id":1903,"date":"2008-09-30T20:00:01","date_gmt":"2008-09-30T19:00:01","guid":{"rendered":"http:\/\/diariodevurgos.com\/dvwps\/proceso-eladio-perlado.php"},"modified":"2009-03-02T23:27:46","modified_gmt":"2009-03-02T22:27:46","slug":"proceso-eladio-perlado","status":"publish","type":"post","link":"https:\/\/diariodevurgos.com\/dvwps\/proceso-eladio-perlado.php","title":{"rendered":"Comienzan los juicios&#8230; y tambi\u00e9n las protestas."},"content":{"rendered":"<p align=\"left\" class=\"lead\"><a title=\"Procesados Eladio Perlado\" class=\"imagelink\" href=\"http:\/\/diariodevurgos.com\/dvwps\/wp-content\/uploads\/2008\/09\/procesadosep.jpg\"><img loading=\"lazy\" width=\"138\" height=\"113\" align=\"right\" alt=\"Procesados Eladio Perlado\" id=\"image1902\" src=\"http:\/\/diariodevurgos.com\/dvwps\/wp-content\/uploads\/2008\/09\/procesadosep.jpg\" \/><\/a>Este <strong>Jueves<\/strong> 2 de octubre de 2008 dar\u00e1 <strong>comienzo<\/strong> el primero de los <strong>juicios<\/strong> por los acontecimientos vividos en Gamonal el 18 de agosto de 2005. En esta primera cita judicial se encuentran procesados tres vecinos por los sucesos de la ma\u00f1ana.<br \/>\nLas movilizaciones comenzaron al pasado jueves y continuaran ma\u00f1ana<strong> Mi\u00e9rcoles 1 de octubre a las 20:00 en la Plaza Roma<\/strong>.<\/p>\n<p><!--more--><\/p>\n<p>El pasado Jueves un gran numero de vecinos recorri\u00f3 la avenida <strike>eladio perlado<\/strike> 18 agosto para <a target=\"_blank\" href=\"http:\/\/diariodevurgos.com\/dvwps\/manifestacion-en-solidaridad-con-los-encausados-de-eladio-perlado-3.php\">solidarizarse<\/a> con los encausados en la lucha contra el parking.<\/p>\n<p>Desde <strong>DV<\/strong> trataremos de realizar un seguimiento de este proceso aportando diversa documentaci\u00f3n sobre uno de los conflictos vecinales m\u00e1s intensos que ha vivido Burgos en los \u00faltimos a\u00f1os.<\/p>\n<p>La segunda cita judicial abordar\u00e1 los hechos de la tarde y se celebrar\u00e1 a partir del 28 de octubre figurando 8 vecinos como procesados.<\/p>\n","protected":false},"excerpt":{"rendered":"<p>Este Jueves 2 de octubre de 2008 dar\u00e1 comienzo el primero de los juicios por los acontecimientos vividos en Gamonal el 18 de agosto de 2005. En esta primera cita judicial se encuentran procesados tres vecinos por los sucesos de la ma\u00f1ana. Las movilizaciones comenzaron al pasado jueves y continuaran ma\u00f1ana Mi\u00e9rcoles 1 de octubre&#8230;  <a href=\"https:\/\/diariodevurgos.com\/dvwps\/proceso-eladio-perlado.php\" class=\"more-link\" title=\"Read Comienzan los juicios&#8230; y tambi\u00e9n las protestas.\">Read more &raquo;<\/a><\/p>\n","protected":false},"author":15,"featured_media":0,"comment_status":"open","ping_status":"closed","sticky":false,"template":"","format":"standard","meta":[],"categories":[2,27,17,43],"tags":[],"_links":{"self":[{"href":"https:\/\/diariodevurgos.com\/dvwps\/wp-json\/wp\/v2\/posts\/1903"}],"collection":[{"href":"https:\/\/diariodevurgos.com\/dvwps\/wp-json\/wp\/v2\/posts"}],"about":[{"href":"https:\/\/diariodevurgos.com\/dvwps\/wp-json\/wp\/v2\/types\/post"}],"author":[{"embeddable":true,"href":"https:\/\/diariodevurgos.com\/dvwps\/wp-json\/wp\/v2\/users\/15"}],"replies":[{"embeddable":true,"href":"https:\/\/diariodevurgos.com\/dvwps\/wp-json\/wp\/v2\/comments?post=1903"}],"version-history":[{"count":1,"href":"https:\/\/diariodevurgos.com\/dvwps\/wp-json\/wp\/v2\/posts\/1903\/revisions"}],"predecessor-version":[{"id":2446,"href":"https:\/\/diariodevurgos.com\/dvwps\/wp-json\/wp\/v2\/posts\/1903\/revisions\/2446"}],"wp:attachment":[{"href":"https:\/\/diariodevurgos.com\/dvwps\/wp-json\/wp\/v2\/media?parent=1903"}],"wp:term":[{"taxonomy":"category","embeddable":true,"href":"https:\/\/diariodevurgos.com\/dvwps\/wp-json\/wp\/v2\/categories?post=1903"},{"taxonomy":"post_tag","embeddable":true,"href":"https:\/\/diariodevurgos.com\/dvwps\/wp-json\/wp\/v2\/tags?post=1903"}],"curies":[{"name":"wp","href":"https:\/\/api.w.org\/{rel}","templated":true}]}}