{"id":19037,"date":"2017-11-03T01:22:38","date_gmt":"2017-11-03T00:22:38","guid":{"rendered":"http:\/\/diariodevurgos.com\/dvwps\/?p=19037"},"modified":"2017-11-03T01:31:35","modified_gmt":"2017-11-03T00:31:35","slug":"se-acerca-el-juicio-contra-huelguistas-del-29-m-en-barcelona","status":"publish","type":"post","link":"https:\/\/diariodevurgos.com\/dvwps\/se-acerca-el-juicio-contra-huelguistas-del-29-m-en-barcelona.php","title":{"rendered":"Se acerca el juicio contra huelguistas del 29-M en Barcelona"},"content":{"rendered":"<p class=\"lead\">Del <strong>22 al 24 de noviembre<\/strong> se realizar\u00e1 un juicio contra 4 personas por su participaci\u00f3n en la <strong>huelga del 29M del 2012<\/strong>.<\/p>\n<p>Se les piden penas de 6 a\u00f1os de prisi\u00f3n y 200.000 euros. En la acusaci\u00f3n, Starbucks y la Generalitat representados por el Consorcio de Seguros.<\/p>\n<p><!--more--><br \/>\nEl 29 de marzo de 2012 las calles de Barcelona se quitaron en un d\u00ed\u00ada de huelga general, de las m\u00e1s intensas y multitudinarias de los \u00faltimos a\u00f1os. Ven\u00ed\u00adamos del 15M y de movilizaciones de barrios y pueblos con una fuerte coordinaci\u00f3n. El contexto social del momento era de tensi\u00f3n, dolor y rabia permanentes debido de a los ataques vividos y percibidos por la gran mayor\u00ed\u00ada de la poblaci\u00f3n.<\/p>\n<p>En aquel contexto luch\u00e1bamos contra la dictadura econ\u00f3mica impuesta por Europa y la Sido Espanyol. Una dictadura econ\u00f3mica que recortaba derechos sociales y laborales, queriendo sesgar sistem\u00e1ticamente las conquistas de derechos conseguidos, mientras que paralelamente se rescataban los bancos y las \u00e9lites econ\u00f3micas y sociales se fortalec\u00ed\u00adan.<\/p>\n<p>Tanto durante la huelga, como en los meses posteriores, pudimos ver como gobierno, mozos y medios de comunicaci\u00f3n constru\u00ed\u00adan la alianza para crear terror e inseguridad social, criminalizando los movimientos sociales y pol\u00ed\u00adticos, *descontextualitzant la autodefensa y mostrando las movilizaciones como puro vandalismo, intentando mostrar una divisi\u00f3n entre ciudadanos de bien e inc\u00ed\u00advicos. No olvidamos qui\u00e9n ejerce violencia en diario, y quien\u00a0 sufre las consecuencias. No olvidamos cu\u00e1les son los motivos por los cuales se hizo huelga, y por los cuales\u00a0 volver\u00e1 a haber. Aquel d\u00ed\u00ada sal\u00ed\u00adamos a las calles para defendernos, sal\u00ed\u00adamos a las calles porque no s\u00f3lo viv\u00ed\u00adamos una situaci\u00f3n de recortes sociales y laborales constantes, sino tambi\u00e9n porque est\u00e1bamos hartas de ver como d\u00ed\u00ada a d\u00ed\u00ada se pisaba, y se pisa, cualquier intento de cambio e ilusi\u00f3n por el mundo nuevo que traemos a nuestros corazones.<\/p>\n<p><iframe loading=\"lazy\" width=\"580\" height=\"326\" src=\"https:\/\/www.youtube.com\/embed\/3eRI0HAvY_c?feature=oembed\" frameborder=\"0\" gesture=\"media\" allowfullscreen><\/iframe><\/p>\n<p>Aproximadamente un mes despu\u00e9s de la huelga general se inici\u00f3 un proceso policial de persecuci\u00f3n e identificaci\u00f3n de personas que hab\u00ed\u00adan participado a la huelga y que culmin\u00f3 con su detenci\u00f3n. Muchas de las personas detenidas fueron identificadas a trav\u00e9s de los conocidos ficheros ilegales de los Mossos d&#8217;Esquadra, ficheros en los que tienen registradas a personas activas en movimientos sociales. Fueron detenidas respondiendo a un inter\u00e9s *politico-policial de atemorizar, aislar y criminalizar a aquellas que no se resignan. Mientras los aut\u00e9nticos culpables siguen impunemente en la calle, nosotros nos enfrentamos a juicios, prisi\u00f3n, persecuciones y multas.<\/p>\n<p>En este contexto, las personas que participaron a la huelga se los piden penas de prisi\u00f3n de 6 a\u00f1os y un total de 200.000 euros de 70.000 euros de responsabilidad civil donde se persona como acusaci\u00f3n el consorcio de seguros representando al Starbucks y la Generalitat. No olvidamos que hace 5 a\u00f1os era el Gobierno de la Generalitat qui\u00e9n cargaba contra las personas que luch\u00e1bamos.<\/p>\n<p>Fuente: <a href=\"https:\/\/29m.sants.org\/revifem_la_flama\/\">Revifemlaflama<\/a>.<\/p>\n<p><a href=\"https:\/\/twitter.com\/revifemlaflama\">Twiter<\/a>.<\/p>\n","protected":false},"excerpt":{"rendered":"<p>Del 22 al 24 de noviembre se realizar\u00e1 un juicio contra 4 personas por su participaci\u00f3n en la huelga del 29M del 2012. Se les piden penas de 6 a\u00f1os de prisi\u00f3n y 200.000 euros. En la acusaci\u00f3n, Starbucks y la Generalitat representados por el Consorcio de Seguros.<\/p>\n","protected":false},"author":21,"featured_media":19039,"comment_status":"open","ping_status":"closed","sticky":false,"template":"","format":"standard","meta":[],"categories":[24,17],"tags":[],"_links":{"self":[{"href":"https:\/\/diariodevurgos.com\/dvwps\/wp-json\/wp\/v2\/posts\/19037"}],"collection":[{"href":"https:\/\/diariodevurgos.com\/dvwps\/wp-json\/wp\/v2\/posts"}],"about":[{"href":"https:\/\/diariodevurgos.com\/dvwps\/wp-json\/wp\/v2\/types\/post"}],"author":[{"embeddable":true,"href":"https:\/\/diariodevurgos.com\/dvwps\/wp-json\/wp\/v2\/users\/21"}],"replies":[{"embeddable":true,"href":"https:\/\/diariodevurgos.com\/dvwps\/wp-json\/wp\/v2\/comments?post=19037"}],"version-history":[{"count":4,"href":"https:\/\/diariodevurgos.com\/dvwps\/wp-json\/wp\/v2\/posts\/19037\/revisions"}],"predecessor-version":[{"id":19043,"href":"https:\/\/diariodevurgos.com\/dvwps\/wp-json\/wp\/v2\/posts\/19037\/revisions\/19043"}],"wp:featuredmedia":[{"embeddable":true,"href":"https:\/\/diariodevurgos.com\/dvwps\/wp-json\/wp\/v2\/media\/19039"}],"wp:attachment":[{"href":"https:\/\/diariodevurgos.com\/dvwps\/wp-json\/wp\/v2\/media?parent=19037"}],"wp:term":[{"taxonomy":"category","embeddable":true,"href":"https:\/\/diariodevurgos.com\/dvwps\/wp-json\/wp\/v2\/categories?post=19037"},{"taxonomy":"post_tag","embeddable":true,"href":"https:\/\/diariodevurgos.com\/dvwps\/wp-json\/wp\/v2\/tags?post=19037"}],"curies":[{"name":"wp","href":"https:\/\/api.w.org\/{rel}","templated":true}]}}