{"id":19057,"date":"2017-11-04T13:30:45","date_gmt":"2017-11-04T12:30:45","guid":{"rendered":"http:\/\/diariodevurgos.com\/dvwps\/?p=19057"},"modified":"2017-11-04T13:32:24","modified_gmt":"2017-11-04T12:32:24","slug":"emision-en-directo-de-radio-onda-expansiva-desde-los-juzgados-en-solidaridad-con-los-ultimos-procesados-de-gamonal","status":"publish","type":"post","link":"https:\/\/diariodevurgos.com\/dvwps\/emision-en-directo-de-radio-onda-expansiva-desde-los-juzgados-en-solidaridad-con-los-ultimos-procesados-de-gamonal.php","title":{"rendered":"Emisi\u00f3n en directo de Radio Onda Expansiva desde los juzgados en solidaridad con los \u00faltimos procesados de Gamonal"},"content":{"rendered":"<p class=\"lead\">El lunes 6 de noviembre de 2017 dar\u00e1n comienzo las vistas orales del proceso penal por el que ser\u00e1n juzgados los \u00faltimos seis vecinos de Gamonal que a\u00fan permanecen encausados tras las protestas contra la contra la construcci\u00f3n del bulevar. La fiscal\u00ed\u00ada solicita penas de privaci\u00f3n de libertad e importantes sanciones econ\u00f3micas, siguiendo un patr\u00f3n similar respecto al anterior proceso que se desarroll\u00f3 durante los meses de marzo y abril en el que el movimiento vecinal denunci\u00f3 la arbitrariedad y farsa de las detenciones. La <a href=\"https:\/\/gamonalniunpasoatras.wordpress.com\/2017\/10\/18\/ultimo-juicio-por-las-protestas-del-bulevar-de-gamonal-arropemos-a-nuestra-gente-ondas2017\/\">Asamblea de Gamonal ha convocado concentraciones de apoyo a los vecinos encausados<\/a> que se mantendr\u00e1n durante todo el desarrollo de las sesiones del juicio cuya conclusi\u00f3n se prev\u00e9 para el pr\u00f3ximo martes 14 de noviembre.<\/p>\n<p style=\"text-align: center;\"><img loading=\"lazy\" class=\"aligncenter wp-image-19058\" src=\"http:\/\/diariodevurgos.com\/dvwps\/wp-content\/uploads\/2017\/11\/radiojui-724x1024.jpg\" alt=\"\" width=\"377\" height=\"533\" srcset=\"https:\/\/diariodevurgos.com\/dvwps\/wp-content\/uploads\/2017\/11\/radiojui-724x1024.jpg 724w, https:\/\/diariodevurgos.com\/dvwps\/wp-content\/uploads\/2017\/11\/radiojui-212x300.jpg 212w, https:\/\/diariodevurgos.com\/dvwps\/wp-content\/uploads\/2017\/11\/radiojui-768x1086.jpg 768w, https:\/\/diariodevurgos.com\/dvwps\/wp-content\/uploads\/2017\/11\/radiojui-370x523.jpg 370w\" sizes=\"(max-width: 377px) 100vw, 377px\" \/><\/p>\n<p>&nbsp;<\/p>\n<p><strong>Radio Onda Expansiva<\/strong> realizar\u00e1 nuevamente <a href=\"http:\/\/ondaexpansiva.net\/emision-en-directo-desde-los-juzgados-en-solidaridad-con-los-ultimos-procesados-de-gamonal\/\">una emisi\u00f3n en directo desde las puertas de los Juzgados de la Avenida Reyes Cat\u00f3licos <\/a>que podr\u00e1 seguirse a trav\u00e9s del <em>streaming<\/em> del blog de la radio libre burgalesa este mismo <strong>lunes 6 de noviembre<\/strong> desde las <strong>10:00 hasta las 12:00 horas.<\/strong> Posteriormente el audio de la retransmisi\u00f3n ser\u00e1 alojado como<em> podcast<\/em> en el mismo radio-blog. Una iniciativa con la que Radio Onda Expansiva\u00a0 se suma al apoyo que la Asamblea de Gamonal quiere mostrar a las personas encausadas.<\/p>\n","protected":false},"excerpt":{"rendered":"<p>El lunes 6 de noviembre de 2017 dar\u00e1n comienzo las vistas orales del proceso penal por el que ser\u00e1n juzgados los \u00faltimos seis vecinos de Gamonal que a\u00fan permanecen encausados tras las protestas contra la contra la construcci\u00f3n del bulevar. La fiscal\u00ed\u00ada solicita penas de privaci\u00f3n de libertad e importantes sanciones econ\u00f3micas, siguiendo un patr\u00f3n&#8230;  <a href=\"https:\/\/diariodevurgos.com\/dvwps\/emision-en-directo-de-radio-onda-expansiva-desde-los-juzgados-en-solidaridad-con-los-ultimos-procesados-de-gamonal.php\" class=\"more-link\" title=\"Read Emisi\u00f3n en directo de Radio Onda Expansiva desde los juzgados en solidaridad con los \u00faltimos procesados de Gamonal\">Read more &raquo;<\/a><\/p>\n","protected":false},"author":2,"featured_media":19058,"comment_status":"open","ping_status":"closed","sticky":false,"template":"","format":"standard","meta":[],"categories":[74,2,14,27,23,17],"tags":[],"_links":{"self":[{"href":"https:\/\/diariodevurgos.com\/dvwps\/wp-json\/wp\/v2\/posts\/19057"}],"collection":[{"href":"https:\/\/diariodevurgos.com\/dvwps\/wp-json\/wp\/v2\/posts"}],"about":[{"href":"https:\/\/diariodevurgos.com\/dvwps\/wp-json\/wp\/v2\/types\/post"}],"author":[{"embeddable":true,"href":"https:\/\/diariodevurgos.com\/dvwps\/wp-json\/wp\/v2\/users\/2"}],"replies":[{"embeddable":true,"href":"https:\/\/diariodevurgos.com\/dvwps\/wp-json\/wp\/v2\/comments?post=19057"}],"version-history":[{"count":3,"href":"https:\/\/diariodevurgos.com\/dvwps\/wp-json\/wp\/v2\/posts\/19057\/revisions"}],"predecessor-version":[{"id":19061,"href":"https:\/\/diariodevurgos.com\/dvwps\/wp-json\/wp\/v2\/posts\/19057\/revisions\/19061"}],"wp:featuredmedia":[{"embeddable":true,"href":"https:\/\/diariodevurgos.com\/dvwps\/wp-json\/wp\/v2\/media\/19058"}],"wp:attachment":[{"href":"https:\/\/diariodevurgos.com\/dvwps\/wp-json\/wp\/v2\/media?parent=19057"}],"wp:term":[{"taxonomy":"category","embeddable":true,"href":"https:\/\/diariodevurgos.com\/dvwps\/wp-json\/wp\/v2\/categories?post=19057"},{"taxonomy":"post_tag","embeddable":true,"href":"https:\/\/diariodevurgos.com\/dvwps\/wp-json\/wp\/v2\/tags?post=19057"}],"curies":[{"name":"wp","href":"https:\/\/api.w.org\/{rel}","templated":true}]}}