{"id":19104,"date":"2017-11-10T09:53:17","date_gmt":"2017-11-10T08:53:17","guid":{"rendered":"http:\/\/diariodevurgos.com\/dvwps\/?p=19104"},"modified":"2017-11-10T09:53:17","modified_gmt":"2017-11-10T08:53:17","slug":"recuperando-la-memoria-libertaria-presentacion-del-libro-amor-nuno-y-la-cnt","status":"publish","type":"post","link":"https:\/\/diariodevurgos.com\/dvwps\/recuperando-la-memoria-libertaria-presentacion-del-libro-amor-nuno-y-la-cnt.php","title":{"rendered":"Recuperando la memoria libertaria: presentaci\u00f3n del libro &#8220;Amor Nu\u00f1o y la CNT&#8221;\u009d"},"content":{"rendered":"<p class=\"lead\">Este s\u00e1bado 11 de noviembre a las 19:30 horas presentaremos el libro &#8220;Amor Nu\u00f1o y la CNT&#8221;\u009d, de J<strong>es\u00fas F. Salgado,<\/strong> editado por la <a href=\"http:\/\/fal.cnt.es\/blog\/\">FAL<\/a>, a cargo de <strong>Ignacio Soriano<\/strong>, donde se desmontan una por una las falsedades del panfleto sobre la guerra civil de Arturo P\u00e9rez Reverte, y donde se podr\u00e1 descubrir la vida de uno de los muchos personajes que forjaron la historia de la lucha obrera de este pa\u00ed\u00ads, que la desidia o el desinter\u00e9s en que sean conocidos ha ido echando al olvido.<\/p>\n<p>La presentaci\u00f3n se realizar\u00e1 en el local de CNT Burgos en la C\/ Do\u00f1a Berenguela, 3.<\/p>\n<p style=\"text-align: center;\"><img loading=\"lazy\" class=\"aligncenter  wp-image-19105\" src=\"http:\/\/diariodevurgos.com\/dvwps\/wp-content\/uploads\/2017\/11\/IMG_3353.jpg\" alt=\"\" width=\"565\" height=\"565\" srcset=\"https:\/\/diariodevurgos.com\/dvwps\/wp-content\/uploads\/2017\/11\/IMG_3353.jpg 800w, https:\/\/diariodevurgos.com\/dvwps\/wp-content\/uploads\/2017\/11\/IMG_3353-150x150.jpg 150w, https:\/\/diariodevurgos.com\/dvwps\/wp-content\/uploads\/2017\/11\/IMG_3353-300x300.jpg 300w, https:\/\/diariodevurgos.com\/dvwps\/wp-content\/uploads\/2017\/11\/IMG_3353-768x768.jpg 768w, https:\/\/diariodevurgos.com\/dvwps\/wp-content\/uploads\/2017\/11\/IMG_3353-370x370.jpg 370w, https:\/\/diariodevurgos.com\/dvwps\/wp-content\/uploads\/2017\/11\/IMG_3353-125x125.jpg 125w\" sizes=\"(max-width: 565px) 100vw, 565px\" \/><\/p>\n","protected":false},"excerpt":{"rendered":"<p>Este s\u00e1bado 11 de noviembre a las 19:30 horas presentaremos el libro &#8220;Amor Nu\u00f1o y la CNT&#8221;\u009d, de Jes\u00fas F. Salgado, editado por la FAL, a cargo de Ignacio Soriano, donde se desmontan una por una las falsedades del panfleto sobre la guerra civil de Arturo P\u00e9rez Reverte, y donde se podr\u00e1 descubrir la vida&#8230;  <a href=\"https:\/\/diariodevurgos.com\/dvwps\/recuperando-la-memoria-libertaria-presentacion-del-libro-amor-nuno-y-la-cnt.php\" class=\"more-link\" title=\"Read Recuperando la memoria libertaria: presentaci\u00f3n del libro &#8220;Amor Nu\u00f1o y la CNT&#8221;\u009d\">Read more &raquo;<\/a><\/p>\n","protected":false},"author":2,"featured_media":19105,"comment_status":"open","ping_status":"closed","sticky":false,"template":"","format":"standard","meta":[],"categories":[112,2,14,8],"tags":[],"_links":{"self":[{"href":"https:\/\/diariodevurgos.com\/dvwps\/wp-json\/wp\/v2\/posts\/19104"}],"collection":[{"href":"https:\/\/diariodevurgos.com\/dvwps\/wp-json\/wp\/v2\/posts"}],"about":[{"href":"https:\/\/diariodevurgos.com\/dvwps\/wp-json\/wp\/v2\/types\/post"}],"author":[{"embeddable":true,"href":"https:\/\/diariodevurgos.com\/dvwps\/wp-json\/wp\/v2\/users\/2"}],"replies":[{"embeddable":true,"href":"https:\/\/diariodevurgos.com\/dvwps\/wp-json\/wp\/v2\/comments?post=19104"}],"version-history":[{"count":1,"href":"https:\/\/diariodevurgos.com\/dvwps\/wp-json\/wp\/v2\/posts\/19104\/revisions"}],"predecessor-version":[{"id":19106,"href":"https:\/\/diariodevurgos.com\/dvwps\/wp-json\/wp\/v2\/posts\/19104\/revisions\/19106"}],"wp:featuredmedia":[{"embeddable":true,"href":"https:\/\/diariodevurgos.com\/dvwps\/wp-json\/wp\/v2\/media\/19105"}],"wp:attachment":[{"href":"https:\/\/diariodevurgos.com\/dvwps\/wp-json\/wp\/v2\/media?parent=19104"}],"wp:term":[{"taxonomy":"category","embeddable":true,"href":"https:\/\/diariodevurgos.com\/dvwps\/wp-json\/wp\/v2\/categories?post=19104"},{"taxonomy":"post_tag","embeddable":true,"href":"https:\/\/diariodevurgos.com\/dvwps\/wp-json\/wp\/v2\/tags?post=19104"}],"curies":[{"name":"wp","href":"https:\/\/api.w.org\/{rel}","templated":true}]}}