{"id":19120,"date":"2017-11-13T14:01:45","date_gmt":"2017-11-13T13:01:45","guid":{"rendered":"http:\/\/diariodevurgos.com\/dvwps\/?p=19120"},"modified":"2017-11-13T14:12:51","modified_gmt":"2017-11-13T13:12:51","slug":"19120","status":"publish","type":"post","link":"https:\/\/diariodevurgos.com\/dvwps\/19120.php","title":{"rendered":"Marcha nocturna 24N: por la lucha en las calles, contra el patriarcado y el capital"},"content":{"rendered":"<p class=\"lead\">El pr\u00f3ximo viernes 24 de noviembre, a las 23.30h, hay convocada una<strong> Marcha Nocturna No Mixta<\/strong> contra las violencias machistas. Adjuntamos el comunicado:<\/p>\n<div>Las mujeres y personas trans salimos a tomar la calle y la noche. Estamos hartas de aguantar las agresiones machistas que se ejercen contra nosotras en todos los \u00e1mbitos de esta sociedad patriarcal. Marchamos juntas con actitud combativa, en un acto de desobediencia frente a quienes nos quieren sometidas y calladas, para demostrar que el espacio p\u00fablico tambi\u00e9n nos pertenece, y que lo tomaremos cada vez que sea necesario.<\/div>\n<div>En esta marcha no mixta reivindicamos que somos las oprimidas quienes debemos encabezar la lucha por nuestra propia liberaci\u00f3n y que estamos dispuestas a pelear en primera fila. As\u00ed\u00ad mismo llamamos a todas aquellas personas que quieran apoyar la lucha a participar ma\u00f1ana en la manifestaci\u00f3n del 25N contra la Violencia de G\u00e9nero.<\/div>\n<div><strong>Contra la violencia sexual y\u00a0 econ\u00f3mica\u00a0 frutos de la alianza del patriarcado y el capitalismo.<\/strong> Contra el acosos callejero, los feminicidios, la violencia obst\u00e9trica y psiqui\u00e1trica a las que nos someten. Contra los ataques a nuestros cuerpos diversos, a\u00a0 nuestras identidades de g\u00e9nero y nuestras orientaciones sexuales, a nuestras orientaciones sexuales y a nuestras vidas.<\/div>\n<div>Salimos juntas, porque sabemos que nadie va a hacerlo por nosotras y porque tampoco lo queremos. Marchamos para demostrar la fuerza de la uni\u00f3n de las mujeres cis y trans, trabajadoras y precarias, racializadas, bisexuales y lesbianas. Porque somos la fuerza que mueve el mundo pero estamos dispuestas a pararlo.<\/div>\n<div>\u00a1<strong>Tomaremos las calles con cada feminicidio!<\/strong> Paralizaremos el tr\u00e1fico con cada violaci\u00f3n y pararemos la econom\u00ed\u00ada en solidaridad con nuestras despedidas y represaliadas. Vamos a hacer retumbar el mundo con las voces de las oprimidas, afrontaremos colectivamente los ataques<\/div>\n<div>mediante la autodefensa feminista y haremos sentir la ira organizada de las mujeres y trans.<\/div>\n<div>Vamos a transformar este mundo que nos ha tocado vivir a nosotras y nuestras predecesoras para que nacer ni\u00f1a o ni\u00f1e nunca m\u00e1s vuelva a ser peligroso. Porque esto ya comenz\u00f3 y nadie nos puede parar.<\/div>\n<div><\/div>\n<div><strong>\u00a1Viva la lucha feminista!<\/strong><\/div>\n","protected":false},"excerpt":{"rendered":"<p>El pr\u00f3ximo viernes 24 de noviembre, a las 23.30h, hay convocada una Marcha Nocturna No Mixta contra las violencias machistas. Adjuntamos el comunicado: Las mujeres y personas trans salimos a tomar la calle y la noche. Estamos hartas de aguantar las agresiones machistas que se ejercen contra nosotras en todos los \u00e1mbitos de esta sociedad&#8230;  <a href=\"https:\/\/diariodevurgos.com\/dvwps\/19120.php\" class=\"more-link\" title=\"Read Marcha nocturna 24N: por la lucha en las calles, contra el patriarcado y el capital\">Read more &raquo;<\/a><\/p>\n","protected":false},"author":69,"featured_media":19121,"comment_status":"open","ping_status":"closed","sticky":false,"template":"","format":"standard","meta":[],"categories":[65,14,66],"tags":[],"_links":{"self":[{"href":"https:\/\/diariodevurgos.com\/dvwps\/wp-json\/wp\/v2\/posts\/19120"}],"collection":[{"href":"https:\/\/diariodevurgos.com\/dvwps\/wp-json\/wp\/v2\/posts"}],"about":[{"href":"https:\/\/diariodevurgos.com\/dvwps\/wp-json\/wp\/v2\/types\/post"}],"author":[{"embeddable":true,"href":"https:\/\/diariodevurgos.com\/dvwps\/wp-json\/wp\/v2\/users\/69"}],"replies":[{"embeddable":true,"href":"https:\/\/diariodevurgos.com\/dvwps\/wp-json\/wp\/v2\/comments?post=19120"}],"version-history":[{"count":2,"href":"https:\/\/diariodevurgos.com\/dvwps\/wp-json\/wp\/v2\/posts\/19120\/revisions"}],"predecessor-version":[{"id":19124,"href":"https:\/\/diariodevurgos.com\/dvwps\/wp-json\/wp\/v2\/posts\/19120\/revisions\/19124"}],"wp:featuredmedia":[{"embeddable":true,"href":"https:\/\/diariodevurgos.com\/dvwps\/wp-json\/wp\/v2\/media\/19121"}],"wp:attachment":[{"href":"https:\/\/diariodevurgos.com\/dvwps\/wp-json\/wp\/v2\/media?parent=19120"}],"wp:term":[{"taxonomy":"category","embeddable":true,"href":"https:\/\/diariodevurgos.com\/dvwps\/wp-json\/wp\/v2\/categories?post=19120"},{"taxonomy":"post_tag","embeddable":true,"href":"https:\/\/diariodevurgos.com\/dvwps\/wp-json\/wp\/v2\/tags?post=19120"}],"curies":[{"name":"wp","href":"https:\/\/api.w.org\/{rel}","templated":true}]}}