{"id":1913,"date":"2008-10-01T13:09:34","date_gmt":"2008-10-01T12:09:34","guid":{"rendered":"http:\/\/diariodevurgos.com\/dvwps\/visperas-de-juicio.php"},"modified":"2008-10-01T21:39:40","modified_gmt":"2008-10-01T20:39:40","slug":"visperas-de-juicio","status":"publish","type":"post","link":"https:\/\/diariodevurgos.com\/dvwps\/visperas-de-juicio.php","title":{"rendered":"Visperas de juicio"},"content":{"rendered":"<p class=\"lead\"><img align=\"right\" id=\"image1912\" title=\"Solidaridad encausados\" alt=\"Solidaridad encausados\" src=\"http:\/\/diariodevurgos.com\/dvwps\/wp-content\/uploads\/2008\/10\/banner2.jpg\" \/>Esta mima tarde, v\u00ed\u00adspera del inicio del juicio, los vecinos de Eladio Perlado han organizado una manifestaci\u00f3n de apoyo con los encausados por los hechos de la ma\u00f1ana que est\u00e1n llamados a declarar en vista oral el jueves 2 de octubre.<br \/>\n<strong>Ma\u00f1ana los juicios comienzan a las 10:00 de la ma\u00f1ana en la sala\u00a0 n\u00famero 9 de los juzgados de reyes cat\u00f3licos. Los vecinos convocan a concentraci\u00f3n en la puerta a esa misma hora.<\/strong><br \/>\n<!--more-->El d\u00ed\u00ada antes de un juicio se suele dormir intranquilo. Sobre todo si sabes que el gui\u00f3n puede estar ya redactado. Es una sensaci\u00f3n extra\u00f1a. En edificios tan tenebrosos como el de los juzgados suele dar \u00e1nimo verse rodeado por amigos y compa\u00f1eros.  Os lo dice alguien que por desgracia es un usuario habitual de tan tristes lugares. Por eso, aquellos que pod\u00e1is, no dej\u00e9is de acudir a acompa\u00f1ar a estos vecinos a los que la venganza municipal quiere castigar de forma ejemplarizante<\/p>\n<p>Desde <strong>DV <\/strong>todo nuestro apoyo y cari\u00f1o con todos  los vecinos encausados.<br \/>\n\u00a1\u00a1Animo compa\u00f1eros no estais solos!!<\/p>\n","protected":false},"excerpt":{"rendered":"<p>Esta mima tarde, v\u00ed\u00adspera del inicio del juicio, los vecinos de Eladio Perlado han organizado una manifestaci\u00f3n de apoyo con los encausados por los hechos de la ma\u00f1ana que est\u00e1n llamados a declarar en vista oral el jueves 2 de octubre. Ma\u00f1ana los juicios comienzan a las 10:00 de la ma\u00f1ana en la sala\u00a0 n\u00famero&#8230;  <a href=\"https:\/\/diariodevurgos.com\/dvwps\/visperas-de-juicio.php\" class=\"more-link\" title=\"Read Visperas de juicio\">Read more &raquo;<\/a><\/p>\n","protected":false},"author":15,"featured_media":0,"comment_status":"open","ping_status":"closed","sticky":false,"template":"","format":"standard","meta":[],"categories":[3,2,27,17],"tags":[],"_links":{"self":[{"href":"https:\/\/diariodevurgos.com\/dvwps\/wp-json\/wp\/v2\/posts\/1913"}],"collection":[{"href":"https:\/\/diariodevurgos.com\/dvwps\/wp-json\/wp\/v2\/posts"}],"about":[{"href":"https:\/\/diariodevurgos.com\/dvwps\/wp-json\/wp\/v2\/types\/post"}],"author":[{"embeddable":true,"href":"https:\/\/diariodevurgos.com\/dvwps\/wp-json\/wp\/v2\/users\/15"}],"replies":[{"embeddable":true,"href":"https:\/\/diariodevurgos.com\/dvwps\/wp-json\/wp\/v2\/comments?post=1913"}],"version-history":[{"count":0,"href":"https:\/\/diariodevurgos.com\/dvwps\/wp-json\/wp\/v2\/posts\/1913\/revisions"}],"wp:attachment":[{"href":"https:\/\/diariodevurgos.com\/dvwps\/wp-json\/wp\/v2\/media?parent=1913"}],"wp:term":[{"taxonomy":"category","embeddable":true,"href":"https:\/\/diariodevurgos.com\/dvwps\/wp-json\/wp\/v2\/categories?post=1913"},{"taxonomy":"post_tag","embeddable":true,"href":"https:\/\/diariodevurgos.com\/dvwps\/wp-json\/wp\/v2\/tags?post=1913"}],"curies":[{"name":"wp","href":"https:\/\/api.w.org\/{rel}","templated":true}]}}