{"id":19154,"date":"2017-11-20T16:45:08","date_gmt":"2017-11-20T15:45:08","guid":{"rendered":"http:\/\/diariodevurgos.com\/dvwps\/?p=19154"},"modified":"2017-11-20T16:45:08","modified_gmt":"2017-11-20T15:45:08","slug":"presentacion-del-libro-republica-guerra-y-campos-de-concentracion-memorias-de-un-anarquista-bilbaino-en-aranda-de-duero","status":"publish","type":"post","link":"https:\/\/diariodevurgos.com\/dvwps\/presentacion-del-libro-republica-guerra-y-campos-de-concentracion-memorias-de-un-anarquista-bilbaino-en-aranda-de-duero.php","title":{"rendered":"Presentaci\u00f3n del libro &#8220;Rep\u00fablica, guerra y campos de concentraci\u00f3n. Memorias de un anarquista bilba\u00ed\u00adno&#8221;\u009d en Aranda de Duero"},"content":{"rendered":"<p class=\"lead\">La<strong> Fundaci\u00f3n Anselmo Lorenzo<\/strong> y <strong>CNT de Aranda de Duero<\/strong> organizan para este <strong>mi\u00e9rcoles 22 de noviembre<\/strong> la presentaci\u00f3n del libro <a href=\"http:\/\/www.alasbarricadas.org\/noticias\/node\/38325\"><em>Rep\u00fablica, guerra y campos de concentraci\u00f3n. Memorias de un anarquista bilba\u00ed\u00adno<\/em><\/a> donde se plasman las memorias del libertario F\u00e9lix Pad\u00ed\u00adn.<\/p>\n<p>La presentaci\u00f3n, que dar\u00e1 comienzo a partir de las 20:00 horas, se realizar\u00e1 en la Casa de Cultura de Aranda de Duero y contar\u00e1 con la presencia de Luis Fuentes y Jos\u00e9 Ignacio Oreja,<\/p>\n<p style=\"text-align: center;\"><img loading=\"lazy\" class=\"aligncenter  wp-image-19155\" src=\"http:\/\/diariodevurgos.com\/dvwps\/wp-content\/uploads\/2017\/11\/padin-a4-1-001-724x1024.jpg\" alt=\"\" width=\"488\" height=\"690\" srcset=\"https:\/\/diariodevurgos.com\/dvwps\/wp-content\/uploads\/2017\/11\/padin-a4-1-001-724x1024.jpg 724w, https:\/\/diariodevurgos.com\/dvwps\/wp-content\/uploads\/2017\/11\/padin-a4-1-001-212x300.jpg 212w, https:\/\/diariodevurgos.com\/dvwps\/wp-content\/uploads\/2017\/11\/padin-a4-1-001-768x1086.jpg 768w, https:\/\/diariodevurgos.com\/dvwps\/wp-content\/uploads\/2017\/11\/padin-a4-1-001-370x523.jpg 370w, https:\/\/diariodevurgos.com\/dvwps\/wp-content\/uploads\/2017\/11\/padin-a4-1-001.jpg 1191w\" sizes=\"(max-width: 488px) 100vw, 488px\" \/><\/p>\n","protected":false},"excerpt":{"rendered":"<p>La Fundaci\u00f3n Anselmo Lorenzo y CNT de Aranda de Duero organizan para este mi\u00e9rcoles 22 de noviembre la presentaci\u00f3n del libro Rep\u00fablica, guerra y campos de concentraci\u00f3n. Memorias de un anarquista bilba\u00ed\u00adno donde se plasman las memorias del libertario F\u00e9lix Pad\u00ed\u00adn. La presentaci\u00f3n, que dar\u00e1 comienzo a partir de las 20:00 horas, se realizar\u00e1 en&#8230;  <a href=\"https:\/\/diariodevurgos.com\/dvwps\/presentacion-del-libro-republica-guerra-y-campos-de-concentracion-memorias-de-un-anarquista-bilbaino-en-aranda-de-duero.php\" class=\"more-link\" title=\"Read Presentaci\u00f3n del libro &#8220;Rep\u00fablica, guerra y campos de concentraci\u00f3n. Memorias de un anarquista bilba\u00ed\u00adno&#8221;\u009d en Aranda de Duero\">Read more &raquo;<\/a><\/p>\n","protected":false},"author":2,"featured_media":19155,"comment_status":"open","ping_status":"closed","sticky":false,"template":"","format":"standard","meta":[],"categories":[112,70,2,14,6,8],"tags":[],"_links":{"self":[{"href":"https:\/\/diariodevurgos.com\/dvwps\/wp-json\/wp\/v2\/posts\/19154"}],"collection":[{"href":"https:\/\/diariodevurgos.com\/dvwps\/wp-json\/wp\/v2\/posts"}],"about":[{"href":"https:\/\/diariodevurgos.com\/dvwps\/wp-json\/wp\/v2\/types\/post"}],"author":[{"embeddable":true,"href":"https:\/\/diariodevurgos.com\/dvwps\/wp-json\/wp\/v2\/users\/2"}],"replies":[{"embeddable":true,"href":"https:\/\/diariodevurgos.com\/dvwps\/wp-json\/wp\/v2\/comments?post=19154"}],"version-history":[{"count":2,"href":"https:\/\/diariodevurgos.com\/dvwps\/wp-json\/wp\/v2\/posts\/19154\/revisions"}],"predecessor-version":[{"id":19157,"href":"https:\/\/diariodevurgos.com\/dvwps\/wp-json\/wp\/v2\/posts\/19154\/revisions\/19157"}],"wp:featuredmedia":[{"embeddable":true,"href":"https:\/\/diariodevurgos.com\/dvwps\/wp-json\/wp\/v2\/media\/19155"}],"wp:attachment":[{"href":"https:\/\/diariodevurgos.com\/dvwps\/wp-json\/wp\/v2\/media?parent=19154"}],"wp:term":[{"taxonomy":"category","embeddable":true,"href":"https:\/\/diariodevurgos.com\/dvwps\/wp-json\/wp\/v2\/categories?post=19154"},{"taxonomy":"post_tag","embeddable":true,"href":"https:\/\/diariodevurgos.com\/dvwps\/wp-json\/wp\/v2\/tags?post=19154"}],"curies":[{"name":"wp","href":"https:\/\/api.w.org\/{rel}","templated":true}]}}