{"id":19238,"date":"2017-12-19T00:20:47","date_gmt":"2017-12-18T23:20:47","guid":{"rendered":"http:\/\/diariodevurgos.com\/dvwps\/?p=19238"},"modified":"2018-01-14T20:48:15","modified_gmt":"2018-01-14T19:48:15","slug":"manifestacion-por-la-recuperacion-del-parque-de-artilleria","status":"publish","type":"post","link":"https:\/\/diariodevurgos.com\/dvwps\/manifestacion-por-la-recuperacion-del-parque-de-artilleria.php","title":{"rendered":"Manifestaci\u00f3n por la recuperaci\u00f3n del Parque de Artiller\u00ed\u00ada"},"content":{"rendered":"<p class=\"lead\">Burgos es una ciudad en la que la especulaci\u00f3n urban\u00ed\u00adstica ha estado y est\u00e1 muy presente. El \u00faltimo caso lo estamos viviendo estos d\u00ed\u00adas con el Parque de Artiller\u00ed\u00ada. Un terreno comunal que pertenece a toda la ciudad y que fue adquirido en su momento de manera fraudulenta por parte del ej\u00e9rcito.<\/p>\n<p>Ante las noticias hace unos meses de las intenciones del Ministerio de Defensa de vender estos terrenos al mejor postor, una serie de personas decidimos dar un paso adelante y constituir una asamblea llamada Comunales Vivos, abierta a las vecinas y vecinos de Burgos, a favor de la recuperaci\u00f3n de los bienes comunales y de la defensa del territorio.<\/p>\n<p>El pasado 27 de septiembre, sale a subasta y esta queda desierta. Hace unos d\u00ed\u00adas salta la alarma de que el Ministerio de Defensa, ha aceptado una fianza por los derechos de compra de los terrenos por parte de una empresa de promoci\u00f3n y construcci\u00f3n, Riodaser, S.L., en lo que va a constituir el en\u00e9simo caso de especulaci\u00f3n en esta ciudad con la dejadez c\u00f3mplice del grupo de gobierno del ayuntamiento.<\/p>\n<p>Comunales Vivos sigue reclamando un uso comunal del Parque de Artiller\u00ed\u00ada para no ponerlo a disposici\u00f3n de la especulaci\u00f3n, ni de las jerarqu\u00ed\u00adas de la burocracia, sino de las demandas sociales de las vecinas y vecinos de Burgos devolviendo este espacio para el bien com\u00fan.<\/p>\n<p>Desde Comunales Vivos se invita a todas las vecinas y vecinos, asociaciones y colectivos a participar en una gran manifestaci\u00f3n el pr\u00f3ximo 19 de enero de 2018 en defensa del territorio y de las personas que lo habitamos.<\/p>\n<p>Por una salida comunal para el parque de artiller\u00ed\u00ada. Los barrios deciden.<\/p>\n<p><strong>BURGOS NO SE VENDE<\/strong><\/p>\n<p style=\"text-align: center;\"><img loading=\"lazy\" class=\"aligncenter  wp-image-19379\" src=\"http:\/\/diariodevurgos.com\/dvwps\/wp-content\/uploads\/2017\/12\/IMG_3581-724x1024.jpg\" alt=\"\" width=\"516\" height=\"730\" srcset=\"https:\/\/diariodevurgos.com\/dvwps\/wp-content\/uploads\/2017\/12\/IMG_3581-724x1024.jpg 724w, https:\/\/diariodevurgos.com\/dvwps\/wp-content\/uploads\/2017\/12\/IMG_3581-212x300.jpg 212w, https:\/\/diariodevurgos.com\/dvwps\/wp-content\/uploads\/2017\/12\/IMG_3581-768x1087.jpg 768w, https:\/\/diariodevurgos.com\/dvwps\/wp-content\/uploads\/2017\/12\/IMG_3581-370x524.jpg 370w, https:\/\/diariodevurgos.com\/dvwps\/wp-content\/uploads\/2017\/12\/IMG_3581.jpg 1252w\" sizes=\"(max-width: 516px) 100vw, 516px\" \/><\/p>\n<p style=\"text-align: center;\">\n<p>&nbsp;<\/p>\n","protected":false},"excerpt":{"rendered":"<p>Burgos es una ciudad en la que la especulaci\u00f3n urban\u00ed\u00adstica ha estado y est\u00e1 muy presente. El \u00faltimo caso lo estamos viviendo estos d\u00ed\u00adas con el Parque de Artiller\u00ed\u00ada. Un terreno comunal que pertenece a toda la ciudad y que fue adquirido en su momento de manera fraudulenta por parte del ej\u00e9rcito. Ante las noticias&#8230;  <a href=\"https:\/\/diariodevurgos.com\/dvwps\/manifestacion-por-la-recuperacion-del-parque-de-artilleria.php\" class=\"more-link\" title=\"Read Manifestaci\u00f3n por la recuperaci\u00f3n del Parque de Artiller\u00ed\u00ada\">Read more &raquo;<\/a><\/p>\n","protected":false},"author":2,"featured_media":19379,"comment_status":"open","ping_status":"closed","sticky":false,"template":"","format":"standard","meta":[],"categories":[2,12,14,27,49],"tags":[],"_links":{"self":[{"href":"https:\/\/diariodevurgos.com\/dvwps\/wp-json\/wp\/v2\/posts\/19238"}],"collection":[{"href":"https:\/\/diariodevurgos.com\/dvwps\/wp-json\/wp\/v2\/posts"}],"about":[{"href":"https:\/\/diariodevurgos.com\/dvwps\/wp-json\/wp\/v2\/types\/post"}],"author":[{"embeddable":true,"href":"https:\/\/diariodevurgos.com\/dvwps\/wp-json\/wp\/v2\/users\/2"}],"replies":[{"embeddable":true,"href":"https:\/\/diariodevurgos.com\/dvwps\/wp-json\/wp\/v2\/comments?post=19238"}],"version-history":[{"count":4,"href":"https:\/\/diariodevurgos.com\/dvwps\/wp-json\/wp\/v2\/posts\/19238\/revisions"}],"predecessor-version":[{"id":19380,"href":"https:\/\/diariodevurgos.com\/dvwps\/wp-json\/wp\/v2\/posts\/19238\/revisions\/19380"}],"wp:featuredmedia":[{"embeddable":true,"href":"https:\/\/diariodevurgos.com\/dvwps\/wp-json\/wp\/v2\/media\/19379"}],"wp:attachment":[{"href":"https:\/\/diariodevurgos.com\/dvwps\/wp-json\/wp\/v2\/media?parent=19238"}],"wp:term":[{"taxonomy":"category","embeddable":true,"href":"https:\/\/diariodevurgos.com\/dvwps\/wp-json\/wp\/v2\/categories?post=19238"},{"taxonomy":"post_tag","embeddable":true,"href":"https:\/\/diariodevurgos.com\/dvwps\/wp-json\/wp\/v2\/tags?post=19238"}],"curies":[{"name":"wp","href":"https:\/\/api.w.org\/{rel}","templated":true}]}}