{"id":1926,"date":"2008-10-05T20:02:11","date_gmt":"2008-10-05T19:02:11","guid":{"rendered":"http:\/\/diariodevurgos.com\/dvwps\/prosigue-el-juicio-a-los-vecinos-de-eladio-perlado.php"},"modified":"2009-03-02T23:27:07","modified_gmt":"2009-03-02T22:27:07","slug":"prosigue-el-juicio-a-los-vecinos-de-eladio-perlado","status":"publish","type":"post","link":"https:\/\/diariodevurgos.com\/dvwps\/prosigue-el-juicio-a-los-vecinos-de-eladio-perlado.php","title":{"rendered":"Prosigue el juicio a los vecinos de Eladio Perlado"},"content":{"rendered":"<p class=\"lead\"><img loading=\"lazy\" width=\"108\" height=\"81\" align=\"right\" title=\"martillo\" id=\"image1925\" alt=\"martillo\" src=\"http:\/\/diariodevurgos.com\/dvwps\/wp-content\/uploads\/2008\/10\/bja_martillo-de-juez.miniatura.jpg\" \/>El juicio al que est\u00e1n siendo sometidos los vecinos de Gamonal procesados por los hechos de la ma\u00f1ana del 18 de agosto prosigue el lunes 6 de octubre con el visionado de un v\u00ed\u00addeo presentado por parte de la defensa. Hacemos nuevamente un llamamiento para acudir a apoyar a los vecinos encausados.<\/p>\n<p><strong>A las 9:30 prosigue el juicio y esperemos que vaya mucha gente a apoyar abarrotando la sala y los pasillos de los juzgados de Reyes Cat\u00f3licos. A las 12:00 hay convocada una concentraci\u00f3n en la Plaza roma.<\/strong><!--more--><br \/>\nTras haberse celebrado <a title=\"Cronica primer juicio\" href=\"http:\/\/diariodevurgos.com\/dvwps\/cronica-del-juicio-contra-los-encausados-de-la-manana-del-18-a.php\">la primera vista oral,<\/a> parece haberse comprobado n\u00ed\u00adtidamente que en el proceso contra los vecinos de Eladio Perlado la acusaci\u00f3n particular, es decir el Ayuntamiento de Burgos, act\u00faa movido por un visible esp\u00ed\u00adritu de revanchismo.<\/p>\n<p>En  procesos de este tipo esta claro que las personas que se sientan en el banquillo, en este caso dos vecinos y una vecina, representan la cabeza de turco sobre la que el acusador quiere cobrarse una cuenta pendiente. El exconcejal de Polic\u00ed\u00ada Local<strong> Eduardo Franc\u00e9s<\/strong> ha llegado a declarar que desconoc\u00ed\u00ada que la polic\u00ed\u00ada se person\u00f3 para escoltar el inicio de las obras, llegando incluso a retractarse de unas recientes declaraciones en las que afirmaba que desde el consistorio se hab\u00ed\u00adan cometido errores.<\/p>\n<p>La verdad es que no nos sorprende de un arribista de su estilo campanudo que siempre inculc\u00f3 la arrogancia torera entre sus exmuchachos de la local quienes, por cierto, en la vista oral demostraron la misma chuler\u00ed\u00ada que durante aquel 18 de agosto.<\/p>\n<p>En situaciones como esta no solamente es el soniquete de un slogan afirmar que <strong>todos somos los vecinos de Eladio Perlado<br \/>\n<\/strong><\/p>\n<p>P.D: Los seguratas de la puerta no pueden negar la entrada a los juzgados a nadie, as\u00ed\u00ad que si alguno ma\u00f1ana os dicen algo no hag\u00e1is caso y decirles que no dejarte entrar es ilegal, y os dejaran pasar.<\/p>\n","protected":false},"excerpt":{"rendered":"<p>El juicio al que est\u00e1n siendo sometidos los vecinos de Gamonal procesados por los hechos de la ma\u00f1ana del 18 de agosto prosigue el lunes 6 de octubre con el visionado de un v\u00ed\u00addeo presentado por parte de la defensa. Hacemos nuevamente un llamamiento para acudir a apoyar a los vecinos encausados. A las 9:30&#8230;  <a href=\"https:\/\/diariodevurgos.com\/dvwps\/prosigue-el-juicio-a-los-vecinos-de-eladio-perlado.php\" class=\"more-link\" title=\"Read Prosigue el juicio a los vecinos de Eladio Perlado\">Read more &raquo;<\/a><\/p>\n","protected":false},"author":15,"featured_media":0,"comment_status":"open","ping_status":"closed","sticky":false,"template":"","format":"standard","meta":[],"categories":[3,2,27,17,43],"tags":[],"_links":{"self":[{"href":"https:\/\/diariodevurgos.com\/dvwps\/wp-json\/wp\/v2\/posts\/1926"}],"collection":[{"href":"https:\/\/diariodevurgos.com\/dvwps\/wp-json\/wp\/v2\/posts"}],"about":[{"href":"https:\/\/diariodevurgos.com\/dvwps\/wp-json\/wp\/v2\/types\/post"}],"author":[{"embeddable":true,"href":"https:\/\/diariodevurgos.com\/dvwps\/wp-json\/wp\/v2\/users\/15"}],"replies":[{"embeddable":true,"href":"https:\/\/diariodevurgos.com\/dvwps\/wp-json\/wp\/v2\/comments?post=1926"}],"version-history":[{"count":1,"href":"https:\/\/diariodevurgos.com\/dvwps\/wp-json\/wp\/v2\/posts\/1926\/revisions"}],"predecessor-version":[{"id":2444,"href":"https:\/\/diariodevurgos.com\/dvwps\/wp-json\/wp\/v2\/posts\/1926\/revisions\/2444"}],"wp:attachment":[{"href":"https:\/\/diariodevurgos.com\/dvwps\/wp-json\/wp\/v2\/media?parent=1926"}],"wp:term":[{"taxonomy":"category","embeddable":true,"href":"https:\/\/diariodevurgos.com\/dvwps\/wp-json\/wp\/v2\/categories?post=1926"},{"taxonomy":"post_tag","embeddable":true,"href":"https:\/\/diariodevurgos.com\/dvwps\/wp-json\/wp\/v2\/tags?post=1926"}],"curies":[{"name":"wp","href":"https:\/\/api.w.org\/{rel}","templated":true}]}}