{"id":19272,"date":"2017-12-25T00:44:26","date_gmt":"2017-12-24T23:44:26","guid":{"rendered":"http:\/\/diariodevurgos.com\/dvwps\/?p=19272"},"modified":"2017-12-23T21:49:18","modified_gmt":"2017-12-23T20:49:18","slug":"vuelve-la-cencellada-a-la-ciudad-del-pisuerga","status":"publish","type":"post","link":"https:\/\/diariodevurgos.com\/dvwps\/vuelve-la-cencellada-a-la-ciudad-del-pisuerga.php","title":{"rendered":"Vuelve la cencellada a la ciudad del Pisuerga"},"content":{"rendered":"<p class=\"lead\">Tras una serie de debates y puestas en com\u00fan internas desde el Grupo Anarquista Cencellada consideramos necesario retomar nuestra actividad pol\u00ed\u00adtica en el territorio particular que habitamos.<\/p>\n<p>Comunicado del Grupo Anarquista Cencellada, afincado en Valladolid, donde se analiza la necesidad de retomar la actividad social desde posicionamientos libertarios.\u00a0<!--more--><\/p>\n<p>&nbsp;<\/p>\n<p>Siendo conscientes de los cambios, las problem\u00e1ticas sociales actuales y el contexto pol\u00ed\u00adtico continuamente m\u00f3vil en el que nos movemos, seguimos con la necesidad de trabajar en la difusi\u00f3n de las ideas anarquistas y en el intento de ponerlas en pr\u00e1ctica, pues entendemos que las anarquistas, sus pr\u00e1cticas, sus teor\u00ed\u00adas y sus m\u00e9todos tenemos mucho que decir y aportar a la sociedad en un intento de transformaci\u00f3n estructural para acabar con todo aquello que nos oprime y limita.<\/p>\n<p><strong>De la calle al parlamento. Algunas consideraciones sobre el devenir pol\u00ed\u00adtico actual<\/strong><\/p>\n<p>En estos \u00faltimos a\u00f1os hemos visto como, tras un periodo de gran de activismo y movilizaciones m\u00e1s generalizadas animadas a partir del 15M, las diversas luchas han ido siendo canalizadas por la v\u00ed\u00ada institucional, vaci\u00e1ndose las calles. Esta pacificaci\u00f3n de luchas, tanto por la recuperaci\u00f3n institucional, como por un cansancio y agotamiento de din\u00e1micas repetitivas nada desde\u00f1able, ha generado una situaci\u00f3n de des\u00e1nimo y aletargamiento en los movimientos sociales en general.<\/p>\n<p>La entrada a las instituciones de diversos proyectos pol\u00ed\u00adticos m\u00e1s o menos alternativos ha servido para darse cuenta de los l\u00ed\u00admites de la maquinaria del Estado. Incluso siendo parte interna de la m\u00e1quina, hay techos de cristal que por la v\u00ed\u00ada institucional est\u00e1n bien cerrados y, como ya sab\u00ed\u00adamos, no van a dejar que se rompan. Somos conscientes de la funci\u00f3n del poder as\u00ed\u00ad como de sus instituciones p\u00fablicas, que sirven solo para controlar aquellas cuestiones que entendemos que deber\u00ed\u00adan ser de gesti\u00f3n colectiva, horizontal y directa. En nuestra ciudad, Valladolid, se est\u00e1 viendo como &#8220;el Ayuntamiento del cambio&#8221;\u009d no tiene capacidad para solventar todas las necesidades de la vecindad, generando un clima de descontento y desorientaci\u00f3n al no haber, en principio, m\u00e1s alternativas, y, tambi\u00e9n, dificultando la creaci\u00f3n de estas a base de multas, precariedad y fomentando una &#8220;participaci\u00f3n ciudadana&#8221;\u009d mercantilizada, elitista y no real.<\/p>\n<p>Con todo esto y tras un par de a\u00f1os marcados por una tendencia a la desmovilizaci\u00f3n social, en los \u00faltimos meses ha eclosionado una vieja reivindicaci\u00f3n que, aunque sea por un breve periodo de tiempo, ha puesto en jaque a un Estado espa\u00f1ol cada vez m\u00e1s ileg\u00ed\u00adtimo, al menos, en uno de sus territorios m\u00e1s importantes. Entendemos que el an\u00e1lisis de lo sucedido en los \u00faltimos meses en Catalu\u00f1a ahora mismo no nos corresponde a nosotras, pero, sin embargo, s\u00ed\u00ad que consideramos necesario tratar de comprender sus repercusiones tanto en Valladolid como en el resto del territorio castellano.<\/p>\n<p>Sin que la pretensi\u00f3n del presente comunicado sea hacer un an\u00e1lisis profundo y detallado de este tema, s\u00ed\u00ad que queremos destacar un hecho significativo: mirando el revuelo con un poco de perspectiva lo que m\u00e1s all\u00e1 del territorio catal\u00e1n se est\u00e1 poniendo de manifiesto es que en lo que llaman &#8220;Espa\u00f1a&#8221;\u009d hay un conflicto latente que se viene arrastrando al menos desde la ca\u00ed\u00adda del franquismo y que no se puede seguir ocultando. Y es que la transici\u00f3n no supuso una ruptura con el r\u00e9gimen predecesor tal y como la gran mayor\u00ed\u00ada de la poblaci\u00f3n reclamaba. En ning\u00fan momento se han depurado responsabilidades ni se ha fomentado un proceso reparador para con todas las atrocidades sufridas\/cometidas durante cuarenta a\u00f1os de dictadura fascista. Tampoco se ha producido un distanciamiento contundente con el nacionalcatolicismo que imper\u00f3 durante aquellos a\u00f1os y las consecuencias afectan en cuestiones tan dispares, y tan relacionadas a la vez, como el sistema educativo o el derecho a decidir sobre nuestros propios cuerpos y nuestra propia salud.<\/p>\n<p><strong>M\u00e1s all\u00e1 del horizonte: la vida y el abismo<\/strong><br \/>\nLa coyuntura social que nos rodea hunde sus ra\u00ed\u00adces en una crisis civilizatoria constatada. Podemos ir saltando de esc\u00e1ndalo en esc\u00e1ndalo o retomar el camino por un planeta habitable y por una vida libre. Para ello tenemos que enfrentarnos a la visi\u00f3n del futuro decadente sumido en una din\u00e1mica ca\u00f3tica y destructiva, causada por la expansi\u00f3n sin l\u00ed\u00admites del valor capitalista. Ante ello, el deber del movimiento libertario es volver a plantear utop\u00ed\u00adas en las que la libertad y la vida sean el centro y hacer patente la relaci\u00f3n imposible entre la sostenibilidad de la vida y la actual l\u00f3gica productivista que se mantiene mediante la expoliaci\u00f3n de los territorios y el trabajo invisibilizado de sujetos hist\u00f3ricamente femeninos.<\/p>\n<p><strong>Tocadas pero no hundidas<\/strong><br \/>\nQueremos reflexionar sobre la situaci\u00f3n actual del anarquismo en la Pen\u00ed\u00adnsula siendo conscientes de d\u00f3nde venimos y hacia d\u00f3nde vamos, en un intento de continuar formando parte de un movimiento libertario que dialoga y se adapta a la realidad que le toca vivir en un intento auto-afirmativo de no renunciar a sus principios b\u00e1sicos.<\/p>\n<p>Tras los \u00faltimos ataques represivos por parte del Estado a distintos colectivos e individualidades anarquistas en la geograf\u00ed\u00ada peninsular, nuestro movimiento pol\u00ed\u00adtico se ha visto perseguido y criminalizado a un nivel que no se ve\u00ed\u00ada desde hace algunos a\u00f1os, con una serie de operaciones policiales que buscaban desestructurar las redes pol\u00ed\u00adticas y de afinidad existentes, adem\u00e1s de generar alarma social y alimentar el imaginario colectivo con la vinculaci\u00f3n &#8220;\u02dcanarquistas-terror&#8217;. Siendo conscientes de las consecuencias que ha tenido para el movimiento libertario, y la respuesta que se ha dado por parte del mismo, entendemos que el anarquismo no se encuentra en su mejor momento, si bien antes de estas operaciones represivas tampoco lo estaba. En un intento de adaptarse a los tiempos que corren, las distintas individualidades y colectivos han buscado reformular su discurso intentando acceder a las problem\u00e1ticas cotidianas, y tratando de ver c\u00f3mo se pueden abordar desde la pr\u00e1ctica y el pensamiento anarquista. Las realidades de cada territorio son diferentes y cada situaci\u00f3n particular tiene un contexto propio donde llevar a cabo su lucha pol\u00ed\u00adtica.<\/p>\n<p>Como anarquistas seguimos organiz\u00e1ndonos para llevar a cabo la transformaci\u00f3n social que deseamos en base a unos m\u00e9todos e ideas que consideramos \u00fatiles y necesarias. Somos conscientes de la situaci\u00f3n en la que nos encontramos y hacia qu\u00e9 direcci\u00f3n queremos dirigir nuestros esfuerzos y objetivos. Por ello seguimos trabajando como grupo de afinidad anarquista para aportar desde nuestra visi\u00f3n particular algunas herramientas para que el cambio social de ra\u00ed\u00adz que queremos sea un poco m\u00e1s viable.<\/p>\n<p style=\"text-align: right;\"><strong>Valladolid. Diciembre de 2017<\/strong><\/p>\n","protected":false},"excerpt":{"rendered":"<p>Tras una serie de debates y puestas en com\u00fan internas desde el Grupo Anarquista Cencellada consideramos necesario retomar nuestra actividad pol\u00ed\u00adtica en el territorio particular que habitamos. Comunicado del Grupo Anarquista Cencellada, afincado en Valladolid, donde se analiza la necesidad de retomar la actividad social desde posicionamientos libertarios.\u00a0<\/p>\n","protected":false},"author":2,"featured_media":19274,"comment_status":"open","ping_status":"closed","sticky":false,"template":"","format":"standard","meta":[],"categories":[79,7],"tags":[],"_links":{"self":[{"href":"https:\/\/diariodevurgos.com\/dvwps\/wp-json\/wp\/v2\/posts\/19272"}],"collection":[{"href":"https:\/\/diariodevurgos.com\/dvwps\/wp-json\/wp\/v2\/posts"}],"about":[{"href":"https:\/\/diariodevurgos.com\/dvwps\/wp-json\/wp\/v2\/types\/post"}],"author":[{"embeddable":true,"href":"https:\/\/diariodevurgos.com\/dvwps\/wp-json\/wp\/v2\/users\/2"}],"replies":[{"embeddable":true,"href":"https:\/\/diariodevurgos.com\/dvwps\/wp-json\/wp\/v2\/comments?post=19272"}],"version-history":[{"count":1,"href":"https:\/\/diariodevurgos.com\/dvwps\/wp-json\/wp\/v2\/posts\/19272\/revisions"}],"predecessor-version":[{"id":19275,"href":"https:\/\/diariodevurgos.com\/dvwps\/wp-json\/wp\/v2\/posts\/19272\/revisions\/19275"}],"wp:featuredmedia":[{"embeddable":true,"href":"https:\/\/diariodevurgos.com\/dvwps\/wp-json\/wp\/v2\/media\/19274"}],"wp:attachment":[{"href":"https:\/\/diariodevurgos.com\/dvwps\/wp-json\/wp\/v2\/media?parent=19272"}],"wp:term":[{"taxonomy":"category","embeddable":true,"href":"https:\/\/diariodevurgos.com\/dvwps\/wp-json\/wp\/v2\/categories?post=19272"},{"taxonomy":"post_tag","embeddable":true,"href":"https:\/\/diariodevurgos.com\/dvwps\/wp-json\/wp\/v2\/tags?post=19272"}],"curies":[{"name":"wp","href":"https:\/\/api.w.org\/{rel}","templated":true}]}}