{"id":19281,"date":"2017-12-27T12:16:31","date_gmt":"2017-12-27T11:16:31","guid":{"rendered":"http:\/\/diariodevurgos.com\/dvwps\/?p=19281"},"modified":"2017-12-27T12:18:26","modified_gmt":"2017-12-27T11:18:26","slug":"presentacionlibromontedeestepar","status":"publish","type":"post","link":"https:\/\/diariodevurgos.com\/dvwps\/presentacionlibromontedeestepar.php","title":{"rendered":"Presentaci\u00f3n del libro &#8220;Monte de Est\u00e9par. Tras los pasos de la memoria&#8221;"},"content":{"rendered":"<p class=\"lead\">El <strong>27 de diciembre<\/strong> de 2017 a las<strong> 20.00 horas<\/strong> presentaremos la nueva publicaci\u00f3n de Ediciones Tangentes &#8220;<strong>MONTE DE EST\u00ed\u2030PAR. Tras los pasos de la memoria.&#8221;<\/strong><\/p>\n<p>La presente publicaci\u00f3n re\u00fane un conjunto de iniciativas surgidas en los \u00faltimos a\u00f1os en torno a la recuperaci\u00f3n de la memoria hist\u00f3rica en Burgos, y, m\u00e1s concretamente, a la exhumaci\u00f3n y dignificaci\u00f3n de las fosas comunes dispersas en el paraje del Monte de Est\u00e9par, ubicado a escasos 25 Km de la ciudad de Burgos y s\u00ed\u00admbolo de la barbarie fascista en esta provincia. Fruto de la colaboraci\u00f3n de la Coordinadora Provincial por la Recuperaci\u00f3n de la Memoria Hist\u00f3rica de Burgos, el Centro de Creaci\u00f3n Contempor\u00e1nea Autogestionado Espacio Tangente y la Asociaci\u00f3n Cultural Denuncia se consigui\u00f3 localizar y excavar cuatro de estas fosas y se exhumaron los restos de 96 personas a\u00fan por identificar a la publicaci\u00f3n de este libro. Adem\u00e1s se han ido organizando diferentes actos que, con la denominaci\u00f3n Tras los pasos de la memoria, quieren servir de homenaje a las v\u00ed\u00adctimas del franquismo.<\/p>\n<p>Este libro recoge algunos de estos proyectos. Nuestro recuerdo y profundo respeto por todas estas personas. Siempre presentes.<\/p>\n<p><strong>CRMH<\/strong><br \/>\n<strong>ESPACIO TANGENTE<\/strong><br \/>\n<strong>ASOCIACI\u00ed\u201cN CULTURAL DENUNCIA<\/strong><\/p>\n<p style=\"text-align: center;\"><img loading=\"lazy\" class=\"aligncenter wp-image-19282\" src=\"http:\/\/diariodevurgos.com\/dvwps\/wp-content\/uploads\/2017\/12\/Monte-de-Estepar.jpg\" alt=\"\" width=\"392\" height=\"554\" srcset=\"https:\/\/diariodevurgos.com\/dvwps\/wp-content\/uploads\/2017\/12\/Monte-de-Estepar.jpg 500w, https:\/\/diariodevurgos.com\/dvwps\/wp-content\/uploads\/2017\/12\/Monte-de-Estepar-212x300.jpg 212w, https:\/\/diariodevurgos.com\/dvwps\/wp-content\/uploads\/2017\/12\/Monte-de-Estepar-370x523.jpg 370w\" sizes=\"(max-width: 392px) 100vw, 392px\" \/><\/p>\n","protected":false},"excerpt":{"rendered":"<p>El 27 de diciembre de 2017 a las 20.00 horas presentaremos la nueva publicaci\u00f3n de Ediciones Tangentes &#8220;MONTE DE EST\u00ed\u2030PAR. Tras los pasos de la memoria.&#8221; La presente publicaci\u00f3n re\u00fane un conjunto de iniciativas surgidas en los \u00faltimos a\u00f1os en torno a la recuperaci\u00f3n de la memoria hist\u00f3rica en Burgos, y, m\u00e1s concretamente, a la&#8230;  <a href=\"https:\/\/diariodevurgos.com\/dvwps\/presentacionlibromontedeestepar.php\" class=\"more-link\" title=\"Read Presentaci\u00f3n del libro &#8220;Monte de Est\u00e9par. Tras los pasos de la memoria&#8221;\">Read more &raquo;<\/a><\/p>\n","protected":false},"author":2,"featured_media":19282,"comment_status":"open","ping_status":"closed","sticky":false,"template":"","format":"standard","meta":[],"categories":[2,57,14,80,6,71,8],"tags":[],"_links":{"self":[{"href":"https:\/\/diariodevurgos.com\/dvwps\/wp-json\/wp\/v2\/posts\/19281"}],"collection":[{"href":"https:\/\/diariodevurgos.com\/dvwps\/wp-json\/wp\/v2\/posts"}],"about":[{"href":"https:\/\/diariodevurgos.com\/dvwps\/wp-json\/wp\/v2\/types\/post"}],"author":[{"embeddable":true,"href":"https:\/\/diariodevurgos.com\/dvwps\/wp-json\/wp\/v2\/users\/2"}],"replies":[{"embeddable":true,"href":"https:\/\/diariodevurgos.com\/dvwps\/wp-json\/wp\/v2\/comments?post=19281"}],"version-history":[{"count":3,"href":"https:\/\/diariodevurgos.com\/dvwps\/wp-json\/wp\/v2\/posts\/19281\/revisions"}],"predecessor-version":[{"id":19285,"href":"https:\/\/diariodevurgos.com\/dvwps\/wp-json\/wp\/v2\/posts\/19281\/revisions\/19285"}],"wp:featuredmedia":[{"embeddable":true,"href":"https:\/\/diariodevurgos.com\/dvwps\/wp-json\/wp\/v2\/media\/19282"}],"wp:attachment":[{"href":"https:\/\/diariodevurgos.com\/dvwps\/wp-json\/wp\/v2\/media?parent=19281"}],"wp:term":[{"taxonomy":"category","embeddable":true,"href":"https:\/\/diariodevurgos.com\/dvwps\/wp-json\/wp\/v2\/categories?post=19281"},{"taxonomy":"post_tag","embeddable":true,"href":"https:\/\/diariodevurgos.com\/dvwps\/wp-json\/wp\/v2\/tags?post=19281"}],"curies":[{"name":"wp","href":"https:\/\/api.w.org\/{rel}","templated":true}]}}