{"id":19290,"date":"2017-12-28T11:20:28","date_gmt":"2017-12-28T10:20:28","guid":{"rendered":"http:\/\/diariodevurgos.com\/dvwps\/?p=19290"},"modified":"2017-12-28T11:20:28","modified_gmt":"2017-12-28T10:20:28","slug":"concentracion-en-burgos-por-la-libertad-de-la-adolescente-palestina-ahed-tamimi","status":"publish","type":"post","link":"https:\/\/diariodevurgos.com\/dvwps\/concentracion-en-burgos-por-la-libertad-de-la-adolescente-palestina-ahed-tamimi.php","title":{"rendered":"Concentraci\u00f3n en Burgos por la libertad de la adolescente palestina Ahed Tamimi"},"content":{"rendered":"<p class=\"lead\">El colectivo Iniciativa Solidaria Internacionalista convoca para el <strong>s\u00e1bado 30 de diciembre<\/strong> una <strong>concentraci\u00f3n<\/strong> en la <strong>plaza del Cid<\/strong>\u00a0 en apoyo a la adolescente palestina Ahed Tamini, recientemente arrestada por las fuerzas militares israel\u00ed\u00ades.<\/p>\n<p>La iniciativa, que dar\u00e1 comienzo a las <strong>20:00 horas<\/strong>, se suma a los cientos de convocatorias que a nivel internacional est\u00e1n clamando por la liberaci\u00f3n de esta joven de 16 a\u00f1os arrestada junto a dos de sus familiares: su prima, tambi\u00e9n menor de edad, y su propia madre.<\/p>\n<p style=\"text-align: center;\"><img loading=\"lazy\" class=\"aligncenter  wp-image-19291\" src=\"http:\/\/diariodevurgos.com\/dvwps\/wp-content\/uploads\/2017\/12\/Concentraci\u00f3n-solidaria-701x1024.jpg\" alt=\"\" width=\"519\" height=\"758\" srcset=\"https:\/\/diariodevurgos.com\/dvwps\/wp-content\/uploads\/2017\/12\/Concentraci\u00f3n-solidaria-701x1024.jpg 701w, https:\/\/diariodevurgos.com\/dvwps\/wp-content\/uploads\/2017\/12\/Concentraci\u00f3n-solidaria-205x300.jpg 205w, https:\/\/diariodevurgos.com\/dvwps\/wp-content\/uploads\/2017\/12\/Concentraci\u00f3n-solidaria-768x1123.jpg 768w, https:\/\/diariodevurgos.com\/dvwps\/wp-content\/uploads\/2017\/12\/Concentraci\u00f3n-solidaria-370x541.jpg 370w, https:\/\/diariodevurgos.com\/dvwps\/wp-content\/uploads\/2017\/12\/Concentraci\u00f3n-solidaria.jpg 821w\" sizes=\"(max-width: 519px) 100vw, 519px\" \/><\/p>\n","protected":false},"excerpt":{"rendered":"<p>El colectivo Iniciativa Solidaria Internacionalista convoca para el s\u00e1bado 30 de diciembre una concentraci\u00f3n en la plaza del Cid\u00a0 en apoyo a la adolescente palestina Ahed Tamini, recientemente arrestada por las fuerzas militares israel\u00ed\u00ades. La iniciativa, que dar\u00e1 comienzo a las 20:00 horas, se suma a los cientos de convocatorias que a nivel internacional est\u00e1n&#8230;  <a href=\"https:\/\/diariodevurgos.com\/dvwps\/concentracion-en-burgos-por-la-libertad-de-la-adolescente-palestina-ahed-tamimi.php\" class=\"more-link\" title=\"Read Concentraci\u00f3n en Burgos por la libertad de la adolescente palestina Ahed Tamimi\">Read more &raquo;<\/a><\/p>\n","protected":false},"author":2,"featured_media":19291,"comment_status":"open","ping_status":"closed","sticky":false,"template":"","format":"standard","meta":[],"categories":[2,57,14,24,17],"tags":[],"_links":{"self":[{"href":"https:\/\/diariodevurgos.com\/dvwps\/wp-json\/wp\/v2\/posts\/19290"}],"collection":[{"href":"https:\/\/diariodevurgos.com\/dvwps\/wp-json\/wp\/v2\/posts"}],"about":[{"href":"https:\/\/diariodevurgos.com\/dvwps\/wp-json\/wp\/v2\/types\/post"}],"author":[{"embeddable":true,"href":"https:\/\/diariodevurgos.com\/dvwps\/wp-json\/wp\/v2\/users\/2"}],"replies":[{"embeddable":true,"href":"https:\/\/diariodevurgos.com\/dvwps\/wp-json\/wp\/v2\/comments?post=19290"}],"version-history":[{"count":1,"href":"https:\/\/diariodevurgos.com\/dvwps\/wp-json\/wp\/v2\/posts\/19290\/revisions"}],"predecessor-version":[{"id":19292,"href":"https:\/\/diariodevurgos.com\/dvwps\/wp-json\/wp\/v2\/posts\/19290\/revisions\/19292"}],"wp:featuredmedia":[{"embeddable":true,"href":"https:\/\/diariodevurgos.com\/dvwps\/wp-json\/wp\/v2\/media\/19291"}],"wp:attachment":[{"href":"https:\/\/diariodevurgos.com\/dvwps\/wp-json\/wp\/v2\/media?parent=19290"}],"wp:term":[{"taxonomy":"category","embeddable":true,"href":"https:\/\/diariodevurgos.com\/dvwps\/wp-json\/wp\/v2\/categories?post=19290"},{"taxonomy":"post_tag","embeddable":true,"href":"https:\/\/diariodevurgos.com\/dvwps\/wp-json\/wp\/v2\/tags?post=19290"}],"curies":[{"name":"wp","href":"https:\/\/api.w.org\/{rel}","templated":true}]}}