{"id":19402,"date":"2018-01-18T10:55:27","date_gmt":"2018-01-18T09:55:27","guid":{"rendered":"http:\/\/diariodevurgos.com\/dvwps\/?p=19402"},"modified":"2018-01-18T10:55:27","modified_gmt":"2018-01-18T09:55:27","slug":"detenciones-en-murcia-por-las-protestas-contra-el-muro","status":"publish","type":"post","link":"https:\/\/diariodevurgos.com\/dvwps\/detenciones-en-murcia-por-las-protestas-contra-el-muro.php","title":{"rendered":"Detenciones en Murcia por las protestas contra el muro"},"content":{"rendered":"<p class=\"lead\">El mi\u00e9rcoles 17 de enero la polic\u00ed\u00ada detuvo a dos personas acusadas de activistas de la Acampada Murcia sin Muros.<\/p>\n<p><strong>DV<\/strong> ha recibido la siguiente nota de prensa de la Coordinadora Anti-represi\u00f3n de Murcia.<\/p>\n<p><!--more--><\/p>\n<p>&nbsp;<\/p>\n<blockquote><p>Esta tarde en torno a las 8 &#8220;\u2039de la tarde &#8220;\u2039ha sido llamado a personarse en la Jefatura Superior de Polic\u00ed\u00ada sita en la calle Correos un menor de 17 a\u00f1os. Desconocemos las causas de ese requerimiento. El menor pertenece al entorno del colectivo de la acampada en las v\u00ed\u00adas.<\/p>\n<p>Por otro lado, a las 7 de la tarde en plena v\u00ed\u00ada p\u00fablica se han llevado detenido de forma irregular a un vecino, padre de familia, sin explicaci\u00f3n alguna. A continuaci\u00f3n, una gr\u00faa se ha llevado su coche cuando llegaban sus hijos.<\/p>\n<p>Seg\u00fan \u00faltimas informaciones, esta ma\u00f1ana ha sido detenido un menor de 14 a\u00f1os, por su presunta participaci\u00f3n en altercados.<\/p>\n<p>Est\u00e1n arremetiendo contra personas relacionadas con la &#8220;\u2039A&#8221;\u2039<br \/>\ncampada MURCIA SIN MUROS, que llevan en acampada permanente m\u00e1s de 3 meses, desde el 6 de octubre, junto a las v\u00ed\u00adas del tren en su paso por el barrio de Santiago el Mayor. Los dos se encuentran en la comisar\u00ed\u00ada de la calle Correos. M\u00e1s de setenta personas han sido sancionadas con multas desde 600\u00e2\u201a\u00ac a 2000\u00e2\u201a\u00ac desde que empezara a materializarse la protesta de forma m\u00e1s participativa y contundente por la llegada del AVE y el Corredor del Mediterr\u00e1neo.<\/p>\n<p>Aproximadamente medio centenar de personas, vecinxs solidarixs y personas afines a la Asamblea &#8220;\u2039Murcia &#8220;\u2039<br \/>\nSin Muros, han salido inmediatamente hacia la Jefatura al conocer las dos noticias para mostrar su apoyo a los que se encuentran en dependencias policiales sin asistencia legal.<\/p>\n<p>Desde la Coordinadora Anti Represi\u00f3n asistimos con estupefacci\u00f3n una vez m\u00e1s al lamentable espect\u00e1culo de las fuerzas del orden p\u00fablico en su fallido intento de criminalizaci\u00f3n de la lucha vecinal a trav\u00e9s de acciones represivas y castigos ejemplarizantes como las detenciones aleatorias destinadas a amedrentar y asfixiar la leg\u00ed\u00adtima protesta social.<\/p><\/blockquote>\n<p>&nbsp;<\/p>\n<p>&nbsp;<\/p>\n","protected":false},"excerpt":{"rendered":"<p>El mi\u00e9rcoles 17 de enero la polic\u00ed\u00ada detuvo a dos personas acusadas de activistas de la Acampada Murcia sin Muros. DV ha recibido la siguiente nota de prensa de la Coordinadora Anti-represi\u00f3n de Murcia.<\/p>\n","protected":false},"author":67,"featured_media":19403,"comment_status":"open","ping_status":"closed","sticky":false,"template":"","format":"standard","meta":[],"categories":[49,17],"tags":[],"_links":{"self":[{"href":"https:\/\/diariodevurgos.com\/dvwps\/wp-json\/wp\/v2\/posts\/19402"}],"collection":[{"href":"https:\/\/diariodevurgos.com\/dvwps\/wp-json\/wp\/v2\/posts"}],"about":[{"href":"https:\/\/diariodevurgos.com\/dvwps\/wp-json\/wp\/v2\/types\/post"}],"author":[{"embeddable":true,"href":"https:\/\/diariodevurgos.com\/dvwps\/wp-json\/wp\/v2\/users\/67"}],"replies":[{"embeddable":true,"href":"https:\/\/diariodevurgos.com\/dvwps\/wp-json\/wp\/v2\/comments?post=19402"}],"version-history":[{"count":1,"href":"https:\/\/diariodevurgos.com\/dvwps\/wp-json\/wp\/v2\/posts\/19402\/revisions"}],"predecessor-version":[{"id":19404,"href":"https:\/\/diariodevurgos.com\/dvwps\/wp-json\/wp\/v2\/posts\/19402\/revisions\/19404"}],"wp:featuredmedia":[{"embeddable":true,"href":"https:\/\/diariodevurgos.com\/dvwps\/wp-json\/wp\/v2\/media\/19403"}],"wp:attachment":[{"href":"https:\/\/diariodevurgos.com\/dvwps\/wp-json\/wp\/v2\/media?parent=19402"}],"wp:term":[{"taxonomy":"category","embeddable":true,"href":"https:\/\/diariodevurgos.com\/dvwps\/wp-json\/wp\/v2\/categories?post=19402"},{"taxonomy":"post_tag","embeddable":true,"href":"https:\/\/diariodevurgos.com\/dvwps\/wp-json\/wp\/v2\/tags?post=19402"}],"curies":[{"name":"wp","href":"https:\/\/api.w.org\/{rel}","templated":true}]}}