{"id":1955,"date":"2008-10-09T11:00:46","date_gmt":"2008-10-09T10:00:46","guid":{"rendered":"http:\/\/diariodevurgos.com\/dvwps\/comunicado-de-la-asamblea-vecinal-de-afectados-por-caja-de-burgos.php"},"modified":"2009-02-04T02:47:06","modified_gmt":"2009-02-04T01:47:06","slug":"comunicado-de-la-asamblea-vecinal-de-afectados-por-caja-de-burgos","status":"publish","type":"post","link":"https:\/\/diariodevurgos.com\/dvwps\/comunicado-de-la-asamblea-vecinal-de-afectados-por-caja-de-burgos.php","title":{"rendered":"Comunicado de la asamblea vecinal de afectados por caja de Burgos"},"content":{"rendered":"<p class=\"lead\"><strong>Asamblea Vecinal Afectad@s por Caja de Burgos nos comenta: <\/strong>A todas las personas, colectivos y organizaciones:<\/p>\n<p><!--more-->Desde la Asamblea Vecinal Afectad@s por Caja de Burgos queremos informaros que despu\u00e9s de un periodo de tiempo en el que hemos estado replanteando nuevas estrategias, volvemos otra vez con fuerzas renovadas con la intenci\u00f3n de llevar a cabo las acciones necesarias para denunciar p\u00fablicamente la violencia inmobiliaria que estamos padeciendo l@s vecin@s de las calles Manuel de la Cuesta, Soria y avenida del Norte.<br \/>\nEn este tiempo hemos estado sentando las bases de varias iniciativas que empezaremos a aplicar a partir de este mes y que continuar\u00e1n hasta que consigamos una soluci\u00f3n digna a esta dif\u00ed\u00adcil situaci\u00f3n que estamos viviendo. Las dos reivindicaciones principales son el cumplimiento por parte de Caja de Burgos de su obligaci\u00f3n legal en el Mantenimiento y Conservaci\u00f3n de sus inmuebles y habitar las 162 viviendas que voluntariamente ha dejado vac\u00ed\u00adas.<br \/>\nPara conseguir estos objetivos desde la Asamblea Vecinal sentimos que debemos ampliar el apoyo y la solidaridad activa de personas y colectivos. Por esta raz\u00f3n, planteamos en la &#8220;Asamblea Abierta&#8221;, que celebramos en el barrio el pasado 12 de junio, crear un Grupo de Apoyo, propuesta que fue recogida por diversas personas de esta ciudad.<br \/>\nPara presentar p\u00fablicamente este Grupo de Apoyo a la Asamblea Vecinal Afectad@s por Caja de Burgos vamos a realizar una RUEDA DE PRENSA, este JUEVES, 9 DE OCTUBRE, A LAS 6 DE LA TARDE FRENTE AL DEPARTAMENTO DE INMUEBLES DE CAJA DE BURGOS (PLAZA SANTO DOMINGO DE GUZM\u00ed\u0081N). A trav\u00e9s de esta convocatoria queremos invitaros a esta acci\u00f3n informativa en la que haremos p\u00fablica una CARTA PRESENTACI\u00ed\u201cN, escrito que\u00a0 explica el motivo por el cual existe la necesidad de crear este Grupo y los objetivos que se plantean.<br \/>\nPara cualquier informaci\u00f3n ponerse en contacto en la direcci\u00f3n de la Asamblea Vecinal: afectadoscajaburgos@gmail.com \u00f3 al tel\u00e9fono 655 10 31 24 (Carlos).<br \/>\nUn saludo vecinal,<br \/>\nASAMBLEA VECINAL AFECTAD@S POR CAJA DE BURGOS<\/p>\n<p>Burgos, 08 octubre de 2008<\/p>\n<p><strong>Nota DV:<\/strong> Desde esta web creemos necesario apoyar las luchas vecinales contra la especulaci\u00f3n y el acoso inmobiliario, aunque en determinados momentos no estemos de acuerdo en las formas de manifestar su lucha.<br \/>\nDesde dv consideramos contraproducente colaborar con los voceros de quien te acosa por m\u00faltiples razones que no vamos a explicar en esta nota, aunque por esto NO vamos a silenciar y dejar de apoyar a estos vecinos.<br \/>\nSin animo de ofender, solidaridad con los afectados por la violencia inmobiliaria de Caja de Burgos.<\/p>\n","protected":false},"excerpt":{"rendered":"<p>Asamblea Vecinal Afectad@s por Caja de Burgos nos comenta: A todas las personas, colectivos y organizaciones:<\/p>\n","protected":false},"author":21,"featured_media":0,"comment_status":"open","ping_status":"closed","sticky":false,"template":"","format":"standard","meta":[],"categories":[42,2],"tags":[],"_links":{"self":[{"href":"https:\/\/diariodevurgos.com\/dvwps\/wp-json\/wp\/v2\/posts\/1955"}],"collection":[{"href":"https:\/\/diariodevurgos.com\/dvwps\/wp-json\/wp\/v2\/posts"}],"about":[{"href":"https:\/\/diariodevurgos.com\/dvwps\/wp-json\/wp\/v2\/types\/post"}],"author":[{"embeddable":true,"href":"https:\/\/diariodevurgos.com\/dvwps\/wp-json\/wp\/v2\/users\/21"}],"replies":[{"embeddable":true,"href":"https:\/\/diariodevurgos.com\/dvwps\/wp-json\/wp\/v2\/comments?post=1955"}],"version-history":[{"count":0,"href":"https:\/\/diariodevurgos.com\/dvwps\/wp-json\/wp\/v2\/posts\/1955\/revisions"}],"wp:attachment":[{"href":"https:\/\/diariodevurgos.com\/dvwps\/wp-json\/wp\/v2\/media?parent=1955"}],"wp:term":[{"taxonomy":"category","embeddable":true,"href":"https:\/\/diariodevurgos.com\/dvwps\/wp-json\/wp\/v2\/categories?post=1955"},{"taxonomy":"post_tag","embeddable":true,"href":"https:\/\/diariodevurgos.com\/dvwps\/wp-json\/wp\/v2\/tags?post=1955"}],"curies":[{"name":"wp","href":"https:\/\/api.w.org\/{rel}","templated":true}]}}