{"id":19605,"date":"2018-03-05T17:20:38","date_gmt":"2018-03-05T16:20:38","guid":{"rendered":"http:\/\/diariodevurgos.com\/dvwps\/?p=19605"},"modified":"2018-03-05T17:22:45","modified_gmt":"2018-03-05T16:22:45","slug":"actividades-para-la-huelga-feminista-del-8m-en-burgos","status":"publish","type":"post","link":"https:\/\/diariodevurgos.com\/dvwps\/actividades-para-la-huelga-feminista-del-8m-en-burgos.php","title":{"rendered":"Actividades para la Huelga Feminista del 8M en Burgos"},"content":{"rendered":"<p class=\"lead\">El pr\u00f3ximo 8 de marzo hay convocada una huelga feminista que se hace extensiva a los cuidados, el consumo, adem\u00e1s del \u00e1mbito laboral y educativo.<\/p>\n<p>En Burgos, los diferentes colectivos que convocan la huelga han programado las siguientes actividades reivindicativas indicando expresamente aquellas que ser\u00e1n de car\u00e1cter no mixto y aquellas que s\u00ed\u00ad que lo ser\u00e1n. Desde <strong>DV<\/strong> animamos a secundar de forma masiva esta huelga feminista y trataremos de realizar una cobertura informativa de la misma.<\/p>\n<p style=\"text-align: center;\"><img loading=\"lazy\" class=\"aligncenter wp-image-19606\" src=\"http:\/\/diariodevurgos.com\/dvwps\/wp-content\/uploads\/2018\/03\/8M-722x1024.jpg\" alt=\"\" width=\"371\" height=\"526\" srcset=\"https:\/\/diariodevurgos.com\/dvwps\/wp-content\/uploads\/2018\/03\/8M.jpg 722w, https:\/\/diariodevurgos.com\/dvwps\/wp-content\/uploads\/2018\/03\/8M-212x300.jpg 212w, https:\/\/diariodevurgos.com\/dvwps\/wp-content\/uploads\/2018\/03\/8M-370x525.jpg 370w\" sizes=\"(max-width: 371px) 100vw, 371px\" \/><\/p>\n","protected":false},"excerpt":{"rendered":"<p>El pr\u00f3ximo 8 de marzo hay convocada una huelga feminista que se hace extensiva a los cuidados, el consumo, adem\u00e1s del \u00e1mbito laboral y educativo. En Burgos, los diferentes colectivos que convocan la huelga han programado las siguientes actividades reivindicativas indicando expresamente aquellas que ser\u00e1n de car\u00e1cter no mixto y aquellas que s\u00ed\u00ad que lo&#8230;  <a href=\"https:\/\/diariodevurgos.com\/dvwps\/actividades-para-la-huelga-feminista-del-8m-en-burgos.php\" class=\"more-link\" title=\"Read Actividades para la Huelga Feminista del 8M en Burgos\">Read more &raquo;<\/a><\/p>\n","protected":false},"author":2,"featured_media":19606,"comment_status":"open","ping_status":"closed","sticky":false,"template":"","format":"standard","meta":[],"categories":[2,14,66,60,49],"tags":[],"_links":{"self":[{"href":"https:\/\/diariodevurgos.com\/dvwps\/wp-json\/wp\/v2\/posts\/19605"}],"collection":[{"href":"https:\/\/diariodevurgos.com\/dvwps\/wp-json\/wp\/v2\/posts"}],"about":[{"href":"https:\/\/diariodevurgos.com\/dvwps\/wp-json\/wp\/v2\/types\/post"}],"author":[{"embeddable":true,"href":"https:\/\/diariodevurgos.com\/dvwps\/wp-json\/wp\/v2\/users\/2"}],"replies":[{"embeddable":true,"href":"https:\/\/diariodevurgos.com\/dvwps\/wp-json\/wp\/v2\/comments?post=19605"}],"version-history":[{"count":4,"href":"https:\/\/diariodevurgos.com\/dvwps\/wp-json\/wp\/v2\/posts\/19605\/revisions"}],"predecessor-version":[{"id":19610,"href":"https:\/\/diariodevurgos.com\/dvwps\/wp-json\/wp\/v2\/posts\/19605\/revisions\/19610"}],"wp:featuredmedia":[{"embeddable":true,"href":"https:\/\/diariodevurgos.com\/dvwps\/wp-json\/wp\/v2\/media\/19606"}],"wp:attachment":[{"href":"https:\/\/diariodevurgos.com\/dvwps\/wp-json\/wp\/v2\/media?parent=19605"}],"wp:term":[{"taxonomy":"category","embeddable":true,"href":"https:\/\/diariodevurgos.com\/dvwps\/wp-json\/wp\/v2\/categories?post=19605"},{"taxonomy":"post_tag","embeddable":true,"href":"https:\/\/diariodevurgos.com\/dvwps\/wp-json\/wp\/v2\/tags?post=19605"}],"curies":[{"name":"wp","href":"https:\/\/api.w.org\/{rel}","templated":true}]}}