{"id":1961,"date":"2008-10-12T12:22:39","date_gmt":"2008-10-12T11:22:39","guid":{"rendered":"http:\/\/diariodevurgos.com\/dvwps\/jornadas-antifascistas-de-octubre-salamanca.php"},"modified":"2008-10-12T12:22:39","modified_gmt":"2008-10-12T11:22:39","slug":"jornadas-antifascistas-de-octubre-salamanca","status":"publish","type":"post","link":"https:\/\/diariodevurgos.com\/dvwps\/jornadas-antifascistas-de-octubre-salamanca.php","title":{"rendered":"Jornadas antifascistas de octubre (Salamanca)"},"content":{"rendered":"<p class=\"lead\"><strong>Acci\u00f3n antifascista Salamanca nos comenta:<\/strong> Hemos decidido realizar unas <a target=\"_blank\" href=\"http:\/\/antifasalamanca.org\/Jornadas\/08\/jornadas08.php\">Jornadas Antifascistas de Octubre 08<\/a>. En ellas tendr\u00e1n lugar diversos tipos de actividades a lo largo de 3 d\u00ed\u00adas: Jueves 16, Viernes 17 y S\u00e1bado 18.<\/p>\n<p><!--more-->Tras terminar las vacaciones de verano, desde Acci\u00f3n Antifascista Salamanca hemos decidido realizar unas Jornadas Antifascistas de Octubre 08. En ellas tendr\u00e1n lugar diversos tipos de actividades a lo largo de 3 d\u00ed\u00adas: Jueves 16, Viernes 17 y S\u00e1bado 18. Lo que pretendemos con estas Jornadas es llegar a las personas de la ciudad que se consideren antirracistas y a\u00fan no nos conozcan, y tambi\u00e9n a los m\u00e1s j\u00f3venes, para difundir los valores del antifascismo entre ellos.<\/p>\n<p>Es por este motivo, por el que dentro de las Jornadas se incluye la presentaci\u00f3n, a partir de las 19:00h del Jueves 16 de Octubre, del Bolet\u00ed\u00adn Informativo &#8220;Rescoldo&#8221;\u009d, y una charla sobre Acci\u00f3n Antifascista Salamanca en la que se resolver\u00e1n todas las dudas de los asistentes sobre la autogesti\u00f3n del grupo, su organizaci\u00f3n, planteamientos, etc. Junto a estas dos presentaciones tambi\u00e9n tendr\u00e1 lugar el primer d\u00ed\u00ada, y tambi\u00e9n en la Facultad de Geograf\u00ed\u00ada e Historia, un videoforum en el que se estrenara el documental &#8220;Antifa cazadores de skins&#8221;\u009d.<\/p>\n<p>El segundo d\u00ed\u00ada, 17 de Octubre, tendr\u00e1n lugar en la Facultad de Geograf\u00ed\u00ada e Historia a partir de las 18:00h otras dos charlas: La primera a cargo de La Haine (Valladolid) sobre &#8220;Contrainformaci\u00f3n y Medios Alternativos&#8221;\u009d, y la segunda a cargo de nuestros compa\u00f1eros de la Coordinadora Antifascista de Madrid. A los participantes de ambas charlas queremos mostrarles ya nuestro m\u00e1s sincero agradecimiento.<\/p>\n<p>Por \u00faltimo, el tercer y \u00faltimo d\u00ed\u00ada, S\u00e1bado 18 de Octubre, tendr\u00e1 lugar el &#8220;Campeonato de F\u00fatbol-Sala Contra el Racismo&#8221;\u009d que comenzar\u00e1 a las 11:00h en las pistas del parque de la Aldehuela. A mediod\u00ed\u00ada realizaremos una comida popular para todos los asistentes. Y como \u00faltimo acto, a las 23:00h en la Sala Potemkim tendr\u00e1 lugar el concierto de dos fant\u00e1sticos grupos combativos antifascistas: &#8220;Los Chikos del Ma\u00ed\u00adz&#8221;\u009d (rap combativo desde Valencia) + Payback (Gij\u00f3n Hardcore).<\/p>\n<p>Desde Acci\u00f3n Antifascista Salamanca os llamamos a todos a acudir y a participar en las Jornadas de Octubre 08 Salamanca. Adem\u00e1s queremos dar las gracias a todos los que nos han apoyado y ayudado a organizarlas. Y, por supuesto, a todos los que acud\u00e1is a cualquiera de los actos programados, porque solos no podr\u00ed\u00adamos hacer lo que hacemos.<\/p>\n","protected":false},"excerpt":{"rendered":"<p>Acci\u00f3n antifascista Salamanca nos comenta: Hemos decidido realizar unas Jornadas Antifascistas de Octubre 08. En ellas tendr\u00e1n lugar diversos tipos de actividades a lo largo de 3 d\u00ed\u00adas: Jueves 16, Viernes 17 y S\u00e1bado 18.<\/p>\n","protected":false},"author":23,"featured_media":0,"comment_status":"open","ping_status":"closed","sticky":false,"template":"","format":"standard","meta":[],"categories":[31,14],"tags":[],"_links":{"self":[{"href":"https:\/\/diariodevurgos.com\/dvwps\/wp-json\/wp\/v2\/posts\/1961"}],"collection":[{"href":"https:\/\/diariodevurgos.com\/dvwps\/wp-json\/wp\/v2\/posts"}],"about":[{"href":"https:\/\/diariodevurgos.com\/dvwps\/wp-json\/wp\/v2\/types\/post"}],"author":[{"embeddable":true,"href":"https:\/\/diariodevurgos.com\/dvwps\/wp-json\/wp\/v2\/users\/23"}],"replies":[{"embeddable":true,"href":"https:\/\/diariodevurgos.com\/dvwps\/wp-json\/wp\/v2\/comments?post=1961"}],"version-history":[{"count":0,"href":"https:\/\/diariodevurgos.com\/dvwps\/wp-json\/wp\/v2\/posts\/1961\/revisions"}],"wp:attachment":[{"href":"https:\/\/diariodevurgos.com\/dvwps\/wp-json\/wp\/v2\/media?parent=1961"}],"wp:term":[{"taxonomy":"category","embeddable":true,"href":"https:\/\/diariodevurgos.com\/dvwps\/wp-json\/wp\/v2\/categories?post=1961"},{"taxonomy":"post_tag","embeddable":true,"href":"https:\/\/diariodevurgos.com\/dvwps\/wp-json\/wp\/v2\/tags?post=1961"}],"curies":[{"name":"wp","href":"https:\/\/api.w.org\/{rel}","templated":true}]}}