{"id":19615,"date":"2018-03-05T17:56:41","date_gmt":"2018-03-05T16:56:41","guid":{"rendered":"http:\/\/diariodevurgos.com\/dvwps\/?p=19615"},"modified":"2018-03-05T17:57:01","modified_gmt":"2018-03-05T16:57:01","slug":"presentacion-de-la-revista-palimpsestos-revista-de-arqueologia-y-antropologia-anarquista","status":"publish","type":"post","link":"https:\/\/diariodevurgos.com\/dvwps\/presentacion-de-la-revista-palimpsestos-revista-de-arqueologia-y-antropologia-anarquista.php","title":{"rendered":"Presentaci\u00f3n de Palimpsestos: revista de arqueolog\u00ed\u00ada y antropolog\u00ed\u00ada anarquista"},"content":{"rendered":"<p class=\"lead\">El pr\u00f3ximo <strong>s\u00e1bado 17 de marzo<\/strong> se presentar\u00e1 en la <strong>Biblioteca La Maldita<\/strong> la revista Palimpsestos, una publicaci\u00f3n de arqueolog\u00ed\u00ada y antropolog\u00ed\u00ada anarquista.<\/p>\n<p>La iniciativa, que dar\u00e1 comienzo a partir de las <strong>19:00 horas<\/strong>, contar\u00e1 con la presencia de la compa\u00f1era que dinamiza los contenidos de esta publicaci\u00f3n que trata de acercarse al estudio del pasado desde un enfoque libertario y antiautoritario.<\/p>\n<p style=\"text-align: center;\"><img loading=\"lazy\" class=\"aligncenter wp-image-19616\" src=\"http:\/\/diariodevurgos.com\/dvwps\/wp-content\/uploads\/2018\/03\/Palinsestos-724x1024.jpg\" alt=\"\" width=\"382\" height=\"540\" srcset=\"https:\/\/diariodevurgos.com\/dvwps\/wp-content\/uploads\/2018\/03\/Palinsestos-724x1024.jpg 724w, https:\/\/diariodevurgos.com\/dvwps\/wp-content\/uploads\/2018\/03\/Palinsestos-212x300.jpg 212w, https:\/\/diariodevurgos.com\/dvwps\/wp-content\/uploads\/2018\/03\/Palinsestos-768x1086.jpg 768w, https:\/\/diariodevurgos.com\/dvwps\/wp-content\/uploads\/2018\/03\/Palinsestos-370x523.jpg 370w, https:\/\/diariodevurgos.com\/dvwps\/wp-content\/uploads\/2018\/03\/Palinsestos.jpg 1131w\" sizes=\"(max-width: 382px) 100vw, 382px\" \/><\/p>\n<p><strong>Palimpsestos:<\/strong> Revista de Arqueolog\u00ed\u00ada y Antropolog\u00ed\u00ada Anarquista es una publicaci\u00f3n independiente, orientada a la socializaci\u00f3n de trabajos de investigaci\u00f3n, estudios de casos, reflexiones te\u00f3ricas, aportes metodol\u00f3gicos y experiencias pr\u00e1cticas desde una perspectiva anarquista amplia; que acepta contribuciones vinculadas a la arqueolog\u00ed\u00ada, antropolog\u00ed\u00ada, bioantropolog\u00ed\u00ada y gesti\u00f3n de referentes culturales.<\/p>\n","protected":false},"excerpt":{"rendered":"<p>El pr\u00f3ximo s\u00e1bado 17 de marzo se presentar\u00e1 en la Biblioteca La Maldita la revista Palimpsestos, una publicaci\u00f3n de arqueolog\u00ed\u00ada y antropolog\u00ed\u00ada anarquista. La iniciativa, que dar\u00e1 comienzo a partir de las 19:00 horas, contar\u00e1 con la presencia de la compa\u00f1era que dinamiza los contenidos de esta publicaci\u00f3n que trata de acercarse al estudio del&#8230;  <a href=\"https:\/\/diariodevurgos.com\/dvwps\/presentacion-de-la-revista-palimpsestos-revista-de-arqueologia-y-antropologia-anarquista.php\" class=\"more-link\" title=\"Read Presentaci\u00f3n de Palimpsestos: revista de arqueolog\u00ed\u00ada y antropolog\u00ed\u00ada anarquista\">Read more &raquo;<\/a><\/p>\n","protected":false},"author":2,"featured_media":19616,"comment_status":"open","ping_status":"closed","sticky":false,"template":"","format":"standard","meta":[],"categories":[2,57,14,27,47,8],"tags":[],"_links":{"self":[{"href":"https:\/\/diariodevurgos.com\/dvwps\/wp-json\/wp\/v2\/posts\/19615"}],"collection":[{"href":"https:\/\/diariodevurgos.com\/dvwps\/wp-json\/wp\/v2\/posts"}],"about":[{"href":"https:\/\/diariodevurgos.com\/dvwps\/wp-json\/wp\/v2\/types\/post"}],"author":[{"embeddable":true,"href":"https:\/\/diariodevurgos.com\/dvwps\/wp-json\/wp\/v2\/users\/2"}],"replies":[{"embeddable":true,"href":"https:\/\/diariodevurgos.com\/dvwps\/wp-json\/wp\/v2\/comments?post=19615"}],"version-history":[{"count":2,"href":"https:\/\/diariodevurgos.com\/dvwps\/wp-json\/wp\/v2\/posts\/19615\/revisions"}],"predecessor-version":[{"id":19618,"href":"https:\/\/diariodevurgos.com\/dvwps\/wp-json\/wp\/v2\/posts\/19615\/revisions\/19618"}],"wp:featuredmedia":[{"embeddable":true,"href":"https:\/\/diariodevurgos.com\/dvwps\/wp-json\/wp\/v2\/media\/19616"}],"wp:attachment":[{"href":"https:\/\/diariodevurgos.com\/dvwps\/wp-json\/wp\/v2\/media?parent=19615"}],"wp:term":[{"taxonomy":"category","embeddable":true,"href":"https:\/\/diariodevurgos.com\/dvwps\/wp-json\/wp\/v2\/categories?post=19615"},{"taxonomy":"post_tag","embeddable":true,"href":"https:\/\/diariodevurgos.com\/dvwps\/wp-json\/wp\/v2\/tags?post=19615"}],"curies":[{"name":"wp","href":"https:\/\/api.w.org\/{rel}","templated":true}]}}