{"id":19695,"date":"2018-03-17T02:03:34","date_gmt":"2018-03-17T01:03:34","guid":{"rendered":"http:\/\/diariodevurgos.com\/dvwps\/?p=19695"},"modified":"2018-03-17T21:45:32","modified_gmt":"2018-03-17T20:45:32","slug":"no-mas-muertes-por-la-ley-de-extranjeria","status":"publish","type":"post","link":"https:\/\/diariodevurgos.com\/dvwps\/no-mas-muertes-por-la-ley-de-extranjeria.php","title":{"rendered":"No m\u00e1s muertes por la ley de extranjer\u00ed\u00ada"},"content":{"rendered":"<p class=\"lead\">A las 8 de la tarde unas 70 personas se han concentrado a las puertas de Subdelegaci\u00f3n de Gobierno en Burgos, para mostrar su solidaridad con Mame Mbaye, la persona que la tarde del jueves muri\u00f3 de un infarto al huir de la polic\u00ed\u00ada en el barrio de Lavapies (Madrid).<\/p>\n<p>En la concentraci\u00f3n se ha le\u00ed\u00addo en siguiente comunicado:<!--more--><\/p>\n<p><em>No m\u00e1s muertes por la ley de extranjer\u00ed\u00ada.<\/em><\/p>\n<p><em>Mame Mbaye mor\u00ed\u00ada ayer en Madrid de una para card\u00ed\u00adaca tras una persecuci\u00f3n policial. Ten\u00ed\u00ada 34 a\u00f1os,era senegal\u00e9s, trabajaba en la venta ambulante, con su manta, como muchos otros, llevaba 14 a\u00f1os residiendo en Espa\u00f1a, no tenia papeles.<\/em><\/p>\n<p><em>La actuaci\u00f3n policial es sin duda la responsable directa de su muerte. Pero hay un responsable superior,la ley de extranjer\u00ed\u00ada, el gobierno y las instituciones que la aplican. Su racismo es el asesino.<\/em><\/p>\n<p><em>Mame era una persona m\u00e1s, que migr\u00f3 para ganarse la vida con su trabajo. No cometi\u00f3 delito alguno, pero la polic\u00ed\u00ada le acosaba cada d\u00ed\u00ada, como a tantos otros, en Madrid ,en Barcelona, en Valencia, en todo el territorio del estado espa\u00f1ol.<\/em><\/p>\n<p><em>El Ayuntamiento de Madrid iniciar\u00e1 lo que llama una r\u00e1pida investigaci\u00f3n.Poco tiene que investigar. Habla de que se har\u00e1 Justicia.<\/em><\/p>\n<p><em>\u00bfC\u00f3mo podemos confiar en su Justicia?.Una Justicia que ampara leyes discriminatorias como la de extranjer\u00ed\u00ada, que condena a las personas refugiadas y migrantes a vivir sin poder trabajar de forma regular, que los margina socialmente, las impide reagrupar a su familia, las priva de un techo y de sus leg\u00ed\u00adtimos derechos.<\/em><\/p>\n<p><em>Hoy mostramos nuestra solidaridad a todas las personas afectadas, a las heridas y detenidas ayer en Lavapies.<\/em><\/p>\n<p><em>Solo podemos confiar en nuestras propias fuerzas, en la movilizaci\u00f3n de toda la sociedad.<\/em><\/p>\n<p><em>Si los migrantes ven cada d\u00ed\u00ada pisoteados sus derechos, la sociedad entera carece de derechos y no puede considerarse ni justa ni libre.<\/em><\/p>\n<p><em>Mame Mbaye. !N\u00ed\u008d OLVIDO N\u00ed\u008d PERD\u00ed\u201cN!<\/em><\/p>\n","protected":false},"excerpt":{"rendered":"<p>A las 8 de la tarde unas 70 personas se han concentrado a las puertas de Subdelegaci\u00f3n de Gobierno en Burgos, para mostrar su solidaridad con Mame Mbaye, la persona que la tarde del jueves muri\u00f3 de un infarto al huir de la polic\u00ed\u00ada en el barrio de Lavapies (Madrid). En la concentraci\u00f3n se ha&#8230;  <a href=\"https:\/\/diariodevurgos.com\/dvwps\/no-mas-muertes-por-la-ley-de-extranjeria.php\" class=\"more-link\" title=\"Read No m\u00e1s muertes por la ley de extranjer\u00ed\u00ada\">Read more &raquo;<\/a><\/p>\n","protected":false},"author":8,"featured_media":19696,"comment_status":"open","ping_status":"closed","sticky":false,"template":"","format":"standard","meta":[],"categories":[2],"tags":[],"_links":{"self":[{"href":"https:\/\/diariodevurgos.com\/dvwps\/wp-json\/wp\/v2\/posts\/19695"}],"collection":[{"href":"https:\/\/diariodevurgos.com\/dvwps\/wp-json\/wp\/v2\/posts"}],"about":[{"href":"https:\/\/diariodevurgos.com\/dvwps\/wp-json\/wp\/v2\/types\/post"}],"author":[{"embeddable":true,"href":"https:\/\/diariodevurgos.com\/dvwps\/wp-json\/wp\/v2\/users\/8"}],"replies":[{"embeddable":true,"href":"https:\/\/diariodevurgos.com\/dvwps\/wp-json\/wp\/v2\/comments?post=19695"}],"version-history":[{"count":6,"href":"https:\/\/diariodevurgos.com\/dvwps\/wp-json\/wp\/v2\/posts\/19695\/revisions"}],"predecessor-version":[{"id":19706,"href":"https:\/\/diariodevurgos.com\/dvwps\/wp-json\/wp\/v2\/posts\/19695\/revisions\/19706"}],"wp:featuredmedia":[{"embeddable":true,"href":"https:\/\/diariodevurgos.com\/dvwps\/wp-json\/wp\/v2\/media\/19696"}],"wp:attachment":[{"href":"https:\/\/diariodevurgos.com\/dvwps\/wp-json\/wp\/v2\/media?parent=19695"}],"wp:term":[{"taxonomy":"category","embeddable":true,"href":"https:\/\/diariodevurgos.com\/dvwps\/wp-json\/wp\/v2\/categories?post=19695"},{"taxonomy":"post_tag","embeddable":true,"href":"https:\/\/diariodevurgos.com\/dvwps\/wp-json\/wp\/v2\/tags?post=19695"}],"curies":[{"name":"wp","href":"https:\/\/api.w.org\/{rel}","templated":true}]}}