{"id":1972,"date":"2008-10-14T07:00:59","date_gmt":"2008-10-14T06:00:59","guid":{"rendered":"http:\/\/diariodevurgos.com\/dvwps\/carta-de-presentacion-del-grupo-de-apoyo-a-los-afectados-por-caja-burgos.php"},"modified":"2009-02-04T02:46:47","modified_gmt":"2009-02-04T01:46:47","slug":"carta-de-presentacion-del-grupo-de-apoyo-a-los-afectados-por-caja-burgos","status":"publish","type":"post","link":"https:\/\/diariodevurgos.com\/dvwps\/carta-de-presentacion-del-grupo-de-apoyo-a-los-afectados-por-caja-burgos.php","title":{"rendered":"Carta de presentaci\u00f3n del grupo de apoyo a los afectados por caja burgos"},"content":{"rendered":"<p class=\"lead\"><strong><img loading=\"lazy\" src=\"http:\/\/diariodevurgos.com\/dvwps\/wp-content\/uploads\/2008\/10\/images.jpg\" alt=\"images.jpg\" id=\"image1973\" width=\"114\" align=\"right\" height=\"66\" \/>Asamblea vecinal de afectados por Caja de burgos nos comenta:<\/strong> Carta de presentaci\u00f3n p\u00fablica del grupo de apoyo a la asamblea vecinal de afectados por caja de Burgos.<br \/>\n<!--more-->Este Grupo surge del llamamiento que vecin@s de las calles Manuel de la Cuesta, Soria y avenida del Norte, lanzan a la ciudadan\u00ed\u00ada a trav\u00e9s de la Asamblea Abierta que convocaron el pasado 12 de junio.<\/p>\n<p>Desde hace tiempo est@s vecin@s, en su mayor\u00ed\u00ada de avanzada edad, vienen sufriendo una operaci\u00f3n especulativa por parte de Caja de Burgos, entidad local que mientras presume de apoyar &#8220;fines sociales&#8221;, degrada un barrio entero y pretende echar de sus casas a l@s vecin@s que a\u00fan resisten sus envites, practicando el acoso y la violencia inmobiliaria.<\/p>\n<p>En este punto queremos recalcar que Caja de Burgos mantiene a las 13 familias que a\u00fan residen en sus casas, rodeadas de 162 viviendas vac\u00ed\u00adas, creando un barrio fantasma y degradando la vida y la salud de l@s vecin@s.Merced a este llamamiento vecinal, un grupo de personas nos hemos reunido para intervenir activamente y desarrollar acciones informativas de denuncia ante la dram\u00e1tica situaci\u00f3n que sufren y evitar as\u00ed\u00ad el abandono de lo que han sido sus hogares durante, en muchos casos, m\u00e1s de 45 a\u00f1os.<\/p>\n<p>Mientras gran parte de la poblaci\u00f3n no puede acceder a una vivienda, o muchas personas que acceden lo hacen hipotec\u00e1ndose de por vida, o pagando alquileres abusivos, con cada vez m\u00e1s dificultades para llegar a fin de mes, los responsables de Caja de Burgos est\u00e1n dificultando que 162 viviendas puedan ser habitadas.<\/p>\n<p>Desde el Grupo de Apoyo exigimos a Caja de Burgos que cumpla con su obligaci\u00f3n legal, como propietaria de los inmuebles, del Mantenimiento y Conservaci\u00f3n de los mismos y que habite las casas vac\u00ed\u00adas con nuev@s inquilin@s que vuelvan a dar vida al barrio, creando as\u00ed\u00ad un entorno digno de vida.<\/p>\n<p>El Grupo de Apoyo pretende ayudar a invertir la situaci\u00f3n, impulsando un espacio de respuesta al acoso inmobiliario de Caja de Burgos. Estamos decididos a llevar a cabo todas las iniciativas que consideremos necesarias para hacer efectivo el derecho a una vivienda digna. Nos reunimos en asamblea de manera abierta. Cualquier persona puede acudir a las reuniones y aportar sus ideas. La lucha contra la especulaci\u00f3n urban\u00ed\u00adstica, por una vivienda y unas condiciones de vida dignas es un problema de tod@s.<\/p>\n<p>Tu apoyo, tus ideas y tu acci\u00f3n son imprescindibles<\/p>\n<p>Contacta con nosotr@s llamando al 655103124 \u00f3 mandando un correo electr\u00f3nico a grupodeapoyo@afectadosporcajadeburgos.org<\/p>\n<p>Asamblea vecinal de afectados por caja de Burgos.<\/p>\n","protected":false},"excerpt":{"rendered":"<p>Asamblea vecinal de afectados por Caja de burgos nos comenta: Carta de presentaci\u00f3n p\u00fablica del grupo de apoyo a la asamblea vecinal de afectados por caja de Burgos.<\/p>\n","protected":false},"author":23,"featured_media":0,"comment_status":"open","ping_status":"closed","sticky":false,"template":"","format":"standard","meta":[],"categories":[42,2],"tags":[],"_links":{"self":[{"href":"https:\/\/diariodevurgos.com\/dvwps\/wp-json\/wp\/v2\/posts\/1972"}],"collection":[{"href":"https:\/\/diariodevurgos.com\/dvwps\/wp-json\/wp\/v2\/posts"}],"about":[{"href":"https:\/\/diariodevurgos.com\/dvwps\/wp-json\/wp\/v2\/types\/post"}],"author":[{"embeddable":true,"href":"https:\/\/diariodevurgos.com\/dvwps\/wp-json\/wp\/v2\/users\/23"}],"replies":[{"embeddable":true,"href":"https:\/\/diariodevurgos.com\/dvwps\/wp-json\/wp\/v2\/comments?post=1972"}],"version-history":[{"count":0,"href":"https:\/\/diariodevurgos.com\/dvwps\/wp-json\/wp\/v2\/posts\/1972\/revisions"}],"wp:attachment":[{"href":"https:\/\/diariodevurgos.com\/dvwps\/wp-json\/wp\/v2\/media?parent=1972"}],"wp:term":[{"taxonomy":"category","embeddable":true,"href":"https:\/\/diariodevurgos.com\/dvwps\/wp-json\/wp\/v2\/categories?post=1972"},{"taxonomy":"post_tag","embeddable":true,"href":"https:\/\/diariodevurgos.com\/dvwps\/wp-json\/wp\/v2\/tags?post=1972"}],"curies":[{"name":"wp","href":"https:\/\/api.w.org\/{rel}","templated":true}]}}