{"id":19764,"date":"2018-03-27T14:00:50","date_gmt":"2018-03-27T13:00:50","guid":{"rendered":"http:\/\/diariodevurgos.com\/dvwps\/?p=19764"},"modified":"2018-03-26T21:31:10","modified_gmt":"2018-03-26T20:31:10","slug":"la-bufanda-roja-descifrando-el-feminismo","status":"publish","type":"post","link":"https:\/\/diariodevurgos.com\/dvwps\/la-bufanda-roja-descifrando-el-feminismo.php","title":{"rendered":"La bufanda roja: descifrando el feminismo"},"content":{"rendered":"<p class=\"lead\">Con la llegada de la primavera llega el sexto programa de <strong>La Bufanda Roja,<\/strong> un nuevo podcast en el que sus autoras tratar\u00e1n de explicar algunos de los t\u00e9rminos usados desde los movimientos feministas.<\/p>\n<p>Pod\u00e9is escuchar este programa a trav\u00e9s de su canal de<a href=\"https:\/\/www.ivoox.com\/podcast-bufanda-roja_sq_f1420514_1.html\"> ivoox<\/a> o desde el blog de <a href=\"https:\/\/ondaexpansiva.net\/descifrando-el-feminismo\/\">Radio Onda Expansiva.<\/a><br \/>\n<!--more--><\/p>\n<p>&nbsp;<\/p>\n<p><iframe loading=\"lazy\" width=\"580\" height=\"435\" src=\"https:\/\/www.youtube.com\/embed\/5lyRRLw24jI?feature=oembed\" frameborder=\"0\" allow=\"autoplay; encrypted-media\" allowfullscreen><\/iframe><\/p>\n","protected":false},"excerpt":{"rendered":"<p>Con la llegada de la primavera llega el sexto programa de La Bufanda Roja, un nuevo podcast en el que sus autoras tratar\u00e1n de explicar algunos de los t\u00e9rminos usados desde los movimientos feministas. Pod\u00e9is escuchar este programa a trav\u00e9s de su canal de ivoox o desde el blog de Radio Onda Expansiva.<\/p>\n","protected":false},"author":2,"featured_media":19765,"comment_status":"open","ping_status":"closed","sticky":false,"template":"","format":"standard","meta":[],"categories":[66,23],"tags":[],"_links":{"self":[{"href":"https:\/\/diariodevurgos.com\/dvwps\/wp-json\/wp\/v2\/posts\/19764"}],"collection":[{"href":"https:\/\/diariodevurgos.com\/dvwps\/wp-json\/wp\/v2\/posts"}],"about":[{"href":"https:\/\/diariodevurgos.com\/dvwps\/wp-json\/wp\/v2\/types\/post"}],"author":[{"embeddable":true,"href":"https:\/\/diariodevurgos.com\/dvwps\/wp-json\/wp\/v2\/users\/2"}],"replies":[{"embeddable":true,"href":"https:\/\/diariodevurgos.com\/dvwps\/wp-json\/wp\/v2\/comments?post=19764"}],"version-history":[{"count":1,"href":"https:\/\/diariodevurgos.com\/dvwps\/wp-json\/wp\/v2\/posts\/19764\/revisions"}],"predecessor-version":[{"id":19766,"href":"https:\/\/diariodevurgos.com\/dvwps\/wp-json\/wp\/v2\/posts\/19764\/revisions\/19766"}],"wp:featuredmedia":[{"embeddable":true,"href":"https:\/\/diariodevurgos.com\/dvwps\/wp-json\/wp\/v2\/media\/19765"}],"wp:attachment":[{"href":"https:\/\/diariodevurgos.com\/dvwps\/wp-json\/wp\/v2\/media?parent=19764"}],"wp:term":[{"taxonomy":"category","embeddable":true,"href":"https:\/\/diariodevurgos.com\/dvwps\/wp-json\/wp\/v2\/categories?post=19764"},{"taxonomy":"post_tag","embeddable":true,"href":"https:\/\/diariodevurgos.com\/dvwps\/wp-json\/wp\/v2\/tags?post=19764"}],"curies":[{"name":"wp","href":"https:\/\/api.w.org\/{rel}","templated":true}]}}