{"id":19801,"date":"2018-04-08T12:21:11","date_gmt":"2018-04-08T11:21:11","guid":{"rendered":"http:\/\/diariodevurgos.com\/dvwps\/?p=19801"},"modified":"2018-04-08T12:21:20","modified_gmt":"2018-04-08T11:21:20","slug":"sobre-el-archivo-del-caso-pinata","status":"publish","type":"post","link":"https:\/\/diariodevurgos.com\/dvwps\/sobre-el-archivo-del-caso-pinata.php","title":{"rendered":"Sobre el archivo del caso Pi\u00f1ata"},"content":{"rendered":"<p class=\"lead\">Publicamos a continuaci\u00f3n un texto donde se analiza el archivo definitivo del denominado caso Pi\u00f1ata, una operaci\u00f3n represiva que ha sacudido al movimiento libertario en los \u00faltimos a\u00f1os.<!--more--><\/p>\n<p>El pasado 31 de enero fuimos despertados por las llamadas de nuestros abogados notific\u00e1ndonos el archivo provisional de la operaci\u00f3n Pi\u00f1ata, causa por la que 15 personas de Madrid, Barcelona y Palencia segu\u00ed\u00adamos en libertad provisional a la espera de juicio desde hac\u00ed\u00ada casi 3 a\u00f1os (unos meses antes, las compa\u00f1eras represaliadas en la operaci\u00f3n Pandora recib\u00ed\u00adan la misma noticia).<\/p>\n<p>Desde noviembre de 2013 han sido varias las operaciones abiertas contra el entorno anarquista y antiautoritario, con m\u00e1s de 50 personas encausadas bajo la acusaci\u00f3n de pertenencia a organizaci\u00f3n criminal con finalidades terroristas, siendo esta supuesta organizaci\u00f3n la coordinadora GAC (Grupos Anarquistas Coordinados).<\/p>\n<p>Cinco a\u00f1os de ingresos en prisi\u00f3n, acoso policial, registros, violaci\u00f3n de nuestros espacios personales y pol\u00ed\u00adticos, visitas a centros penitenciarios, a la ciudad de la justicia, a la Audiencia Nacional&#8230; cinco a\u00f1os de vidas judicializadas.<\/p>\n<p>Tras recibir la noticia del archivo, no podemos evitar quedar un poco estupefactas, para nosotras es un alivio pero no una victoria, ya que siempre quedar\u00e1 el regusto amargo del precio que se ha cobrado la represi\u00f3n sobre nuestras vidas.<\/p>\n<p style=\"text-align: center;\"><img loading=\"lazy\" class=\"aligncenter wp-image-19802\" src=\"http:\/\/diariodevurgos.com\/dvwps\/wp-content\/uploads\/2018\/04\/actualizacio-cas.jpg\" alt=\"\" width=\"419\" height=\"236\" srcset=\"https:\/\/diariodevurgos.com\/dvwps\/wp-content\/uploads\/2018\/04\/actualizacio-cas.jpg 648w, https:\/\/diariodevurgos.com\/dvwps\/wp-content\/uploads\/2018\/04\/actualizacio-cas-300x169.jpg 300w, https:\/\/diariodevurgos.com\/dvwps\/wp-content\/uploads\/2018\/04\/actualizacio-cas-370x208.jpg 370w\" sizes=\"(max-width: 419px) 100vw, 419px\" \/><\/p>\n<p>Tras este periodo, resulta cada vez m\u00e1s evidente la finalidad de este tipo de operaciones antiterroristas por parte de los cuerpos policiales, en tanto que estas consiguen sus verdaderos objetivos sin necesidad de juicio ni condena, ya que provocan nuestra desactivaci\u00f3n; anegando de estr\u00e9s, malos rollos y miedos nuestros espacios, luchas y nuestro d\u00ed\u00ada a d\u00ed\u00ada.<\/p>\n<p>No queremos invisibilizar la parte negativa de estos procesos, como tampoco podemos olvidarnos de la alegr\u00ed\u00ada que supone ver como se tejen redes de resistencia y recibir el calor de las muestras de solidaridad que se han dado a lo ancho del globo.<\/p>\n<p>Para nosotras ha sido muy importante construir junto a nuestras compa\u00f1eras una respuesta activa ante una situaci\u00f3n que lo que pretende es anular nuestra capacidad de acci\u00f3n, nuestra capacidad de crear herramientas de resistencia a los procesos del capital, se\u00f1alando a los responsables de nuestra miseria y mostrando que podemos ser parte activa de estos procesos rebel\u00e1ndonos contra la imposici\u00f3n de sus medidas cautelares que pretenden asfixiarnos.<\/p>\n<p><a href=\"https:\/\/colzeacolzeblog.wordpress.com\/\">\u00abColze a colze\u00bb<\/a> nace de la necesidad de se\u00f1alar los mecanismos, las consecuencias y finalidades de estas operaciones, as\u00ed\u00ad como de dar una respuesta colectiva a estas realidades, m\u00e1s all\u00e1 de la identidad de encausadas, ya que entendemos que estos golpes transcienden las consecuencias personales de cada una.<\/p>\n<p>Pretend\u00ed\u00adamos huir de una campa\u00f1a o grupo solidario al uso, planteando nuestro trabajo alrededor de los ejes que consideramos relevantes a se\u00f1alar y profundizar: la judicializaci\u00f3n de nuestras vidas, la creaci\u00f3n y la necesidad del enemigo interno, el rol en todo esto de los medios de comunicaci\u00f3n de masas as\u00ed\u00ad como el papel de los cuerpos policiales y la necesidad de defender nuestras formas de organizaci\u00f3n y lucha.<\/p>\n<p>Creemos importante continuar con la campa\u00f1a a pesar del archivo; ya que consideramos que profundizar en estos ejes, as\u00ed\u00ad como recoger la experiencia y el trabajo hecho a ra\u00ed\u00adz de esta oleada represiva, nos parece una responsabilidad personal y colectiva.<\/p>\n<p>Sin obviar hacer un traspaso de nuestro aprendizaje a las futuras generaciones de cara a otros golpes represivos buscando generar formas m\u00e1s sanas de, codo a codo, afrontar la represi\u00f3n futura.<\/p>\n<p>\u00bfY a partir de ahora qu\u00e9?<\/p>\n","protected":false},"excerpt":{"rendered":"<p>Publicamos a continuaci\u00f3n un texto donde se analiza el archivo definitivo del denominado caso Pi\u00f1ata, una operaci\u00f3n represiva que ha sacudido al movimiento libertario en los \u00faltimos a\u00f1os.<\/p>\n","protected":false},"author":2,"featured_media":19802,"comment_status":"open","ping_status":"closed","sticky":false,"template":"","format":"standard","meta":[],"categories":[17,7],"tags":[],"_links":{"self":[{"href":"https:\/\/diariodevurgos.com\/dvwps\/wp-json\/wp\/v2\/posts\/19801"}],"collection":[{"href":"https:\/\/diariodevurgos.com\/dvwps\/wp-json\/wp\/v2\/posts"}],"about":[{"href":"https:\/\/diariodevurgos.com\/dvwps\/wp-json\/wp\/v2\/types\/post"}],"author":[{"embeddable":true,"href":"https:\/\/diariodevurgos.com\/dvwps\/wp-json\/wp\/v2\/users\/2"}],"replies":[{"embeddable":true,"href":"https:\/\/diariodevurgos.com\/dvwps\/wp-json\/wp\/v2\/comments?post=19801"}],"version-history":[{"count":2,"href":"https:\/\/diariodevurgos.com\/dvwps\/wp-json\/wp\/v2\/posts\/19801\/revisions"}],"predecessor-version":[{"id":19804,"href":"https:\/\/diariodevurgos.com\/dvwps\/wp-json\/wp\/v2\/posts\/19801\/revisions\/19804"}],"wp:featuredmedia":[{"embeddable":true,"href":"https:\/\/diariodevurgos.com\/dvwps\/wp-json\/wp\/v2\/media\/19802"}],"wp:attachment":[{"href":"https:\/\/diariodevurgos.com\/dvwps\/wp-json\/wp\/v2\/media?parent=19801"}],"wp:term":[{"taxonomy":"category","embeddable":true,"href":"https:\/\/diariodevurgos.com\/dvwps\/wp-json\/wp\/v2\/categories?post=19801"},{"taxonomy":"post_tag","embeddable":true,"href":"https:\/\/diariodevurgos.com\/dvwps\/wp-json\/wp\/v2\/tags?post=19801"}],"curies":[{"name":"wp","href":"https:\/\/api.w.org\/{rel}","templated":true}]}}