{"id":19853,"date":"2018-04-22T11:38:33","date_gmt":"2018-04-22T10:38:33","guid":{"rendered":"http:\/\/diariodevurgos.com\/dvwps\/?p=19853"},"modified":"2018-04-22T11:38:33","modified_gmt":"2018-04-22T10:38:33","slug":"sabias-que-el-1o-de-mayo-tambien-hay-una-huelga","status":"publish","type":"post","link":"https:\/\/diariodevurgos.com\/dvwps\/sabias-que-el-1o-de-mayo-tambien-hay-una-huelga.php","title":{"rendered":"\u00bfSab\u00ed\u00adas que el 1\u00ba de mayo tambi\u00e9n hay una huelga?"},"content":{"rendered":"<p class=\"lead\">Sobre la huelga colectiva que varias personas encarceladas comenzar\u00e1n el 1 de Mayo. Un texto informativo que est\u00e1 comenzando a difundirse por parte de la web <a href=\"http:\/\/tokata.info\/\">tokata.info<\/a>.<!--more--><\/p>\n<p>El distanciamiento de las prisiones de las ciudades y de zonas habitadas, los muros mentales, la falta de conciencia, la creencia de una l\u00ed\u00adnea entre &#8220;los buenos&#8221;\u009d y &#8220;los malos&#8221;\u009d&#8230;no sabemos cu\u00e1les son las razones, ni cu\u00e1l de ellas tiene m\u00e1s fuerza para que hayamos llegado a este punto, en el que las personas que est\u00e1n encerradas en el Sistema Penitenciario, importen tan poco y generen esta terrible falta de empat\u00ed\u00ada fuera.<\/p>\n<p>Queremos sacar, por un instante, la voz de estas personas que est\u00e1n luchando. Ellas mismas han escrito una propuesta de lucha colectiva donde ponen de manifiesto &#8220;la situaci\u00f3n a la que nos vemos sistem\u00e1ticamente sometidas al abuso de poder, agresiones, torturas f\u00ed\u00adsicas y ps\u00ed\u00adquicas continuadas, y a unas condiciones de existencia inhumanas y degradantes en multitud de aspectos: abandono m\u00e9dico-sanitario, explotaci\u00f3n laboral, indefensi\u00f3n jur\u00ed\u00addica, discriminaci\u00f3n cultural, inexistente libertad de expresi\u00f3n, etc&#8221;\u009d<\/p>\n<p style=\"text-align: center;\"><img loading=\"lazy\" class=\"aligncenter  wp-image-19854\" src=\"http:\/\/diariodevurgos.com\/dvwps\/wp-content\/uploads\/2018\/04\/Tokata.jpg\" alt=\"\" width=\"400\" height=\"619\" srcset=\"https:\/\/diariodevurgos.com\/dvwps\/wp-content\/uploads\/2018\/04\/Tokata.jpg 534w, https:\/\/diariodevurgos.com\/dvwps\/wp-content\/uploads\/2018\/04\/Tokata-194x300.jpg 194w, https:\/\/diariodevurgos.com\/dvwps\/wp-content\/uploads\/2018\/04\/Tokata-370x572.jpg 370w\" sizes=\"(max-width: 400px) 100vw, 400px\" \/><\/p>\n<p>Frente a esta situaci\u00f3n; desde dentro, desde las personas encarceladas, ha surgido una propuesta de Huelga de Hambre Colectiva para arrojar un rayo de luz sobre las violencias normalizadas en prisi\u00f3n, para llegar a &#8220;fuera&#8221;\u009d. \u00ed\u2030stas son sus reivindicaciones:<\/p>\n<p>El fin de las torturas, agresiones y tratos crueles, inhumanos y degradante y de la impunidad de lxs carcelerxs en su pr\u00e1ctica en todas las c\u00e1celes del estado espa\u00f1ol.<\/p>\n<p>La erradicaci\u00f3n de los FIES, aboloci\u00f3n del llamado &#8220;r\u00e9gimen especial&#8221;\u009d de castigo, y cierre absoluto de los departamentos de aislmiento.<\/p>\n<p>Fin de la dispersi\u00f3n de lxs presxs.<\/p>\n<p>Que los servicios m\u00e9dicos no est\u00e9n adscritos a Instituciones penitenciarias, si no que sean independientes de ellas.<\/p>\n<p>La aplicaci\u00f3n inmediata de los art\u00ed\u00adculos 104.4 y 196 RP a todos lxs enfermxs cr\u00f3nicxs sin que existan requerimiento de que entren en fase terminal.<\/p>\n<p>Respecto a lxs enfermxs mentales exigimos que se les trate adecuadamente en lugares apropiados para ello y no en las c\u00e1rceles.<\/p>\n<p>Que los &#8220;programas&#8221;\u009d con metadona, tratamientos psiqui\u00e1tricos, etc. Vayan acompa\u00f1ados de grupos de apoyo, terapeutas, etc. Independientes de las IIPP.<\/p>\n<p>Que haya apertura de investigaci\u00f3n, esclarecimiento y delimitaci\u00f3n de responsabilidades por lxs compa\u00f1erxs muertxs en las c\u00e1rceles de estado espa\u00f1ol.<\/p>\n<p>Que las estructuras carcelarias abran sus aulas, talleres, gimnasios, etc. Accesos formativos y culturales a lxs presxs que tratan de &#8220;irrecuperables&#8221;\u009d<\/p>\n<p>Que los m\u00f3dulos de respeto no sean utilizados como escaparates.<\/p>\n<p>Que se deje de cachear integralmente a las familias y amistades visitantes.<\/p>\n<p>Exigimos a los juzgados, fuerzas de seguridad del estado y represorxs varixs que no criminalicen la solidaridad entre personas.<\/p>\n<p>Los medios de desinformaci\u00f3n no dar\u00e1n cobertura, tampoco la queremos ni la necesitamos, ay\u00fadanos a que su voz resuene &#8220;fuera&#8221;\u009d.<\/p>\n<p>Para m\u00e1s info. visita https:\/\/familiasfrentealacrueldadcarcelaria.noblogs.org\/ o tokata.info<\/p>\n","protected":false},"excerpt":{"rendered":"<p>Sobre la huelga colectiva que varias personas encarceladas comenzar\u00e1n el 1 de Mayo. Un texto informativo que est\u00e1 comenzando a difundirse por parte de la web tokata.info.<\/p>\n","protected":false},"author":2,"featured_media":19854,"comment_status":"open","ping_status":"closed","sticky":false,"template":"","format":"standard","meta":[],"categories":[22,7],"tags":[],"_links":{"self":[{"href":"https:\/\/diariodevurgos.com\/dvwps\/wp-json\/wp\/v2\/posts\/19853"}],"collection":[{"href":"https:\/\/diariodevurgos.com\/dvwps\/wp-json\/wp\/v2\/posts"}],"about":[{"href":"https:\/\/diariodevurgos.com\/dvwps\/wp-json\/wp\/v2\/types\/post"}],"author":[{"embeddable":true,"href":"https:\/\/diariodevurgos.com\/dvwps\/wp-json\/wp\/v2\/users\/2"}],"replies":[{"embeddable":true,"href":"https:\/\/diariodevurgos.com\/dvwps\/wp-json\/wp\/v2\/comments?post=19853"}],"version-history":[{"count":1,"href":"https:\/\/diariodevurgos.com\/dvwps\/wp-json\/wp\/v2\/posts\/19853\/revisions"}],"predecessor-version":[{"id":19855,"href":"https:\/\/diariodevurgos.com\/dvwps\/wp-json\/wp\/v2\/posts\/19853\/revisions\/19855"}],"wp:featuredmedia":[{"embeddable":true,"href":"https:\/\/diariodevurgos.com\/dvwps\/wp-json\/wp\/v2\/media\/19854"}],"wp:attachment":[{"href":"https:\/\/diariodevurgos.com\/dvwps\/wp-json\/wp\/v2\/media?parent=19853"}],"wp:term":[{"taxonomy":"category","embeddable":true,"href":"https:\/\/diariodevurgos.com\/dvwps\/wp-json\/wp\/v2\/categories?post=19853"},{"taxonomy":"post_tag","embeddable":true,"href":"https:\/\/diariodevurgos.com\/dvwps\/wp-json\/wp\/v2\/tags?post=19853"}],"curies":[{"name":"wp","href":"https:\/\/api.w.org\/{rel}","templated":true}]}}