{"id":19968,"date":"2018-05-07T17:38:39","date_gmt":"2018-05-07T16:38:39","guid":{"rendered":"http:\/\/diariodevurgos.com\/dvwps\/?p=19968"},"modified":"2018-05-07T17:41:58","modified_gmt":"2018-05-07T16:41:58","slug":"nuevo-numero-de-la-publicacion-concejo","status":"publish","type":"post","link":"https:\/\/diariodevurgos.com\/dvwps\/nuevo-numero-de-la-publicacion-concejo.php","title":{"rendered":"Nuevo n\u00famero de la publicaci\u00f3n Concejo"},"content":{"rendered":"<p class=\"lead\"><a href=\"http:\/\/www.lecturasdezamarraco.net\/\">Concejo<\/a>, publicaci\u00f3n que se define como un &#8220;espacio de encuentro para el pensamiento cr\u00ed\u00adtico&#8221;\u009d, acaba de editar su quinto n\u00famero.<\/p>\n<p>En esta nueva edici\u00f3n se lanza una mirada sobre el proceso soberanista catal\u00e1n a trav\u00e9s de cuatro art\u00ed\u00adculos que aportan miradas y matices diferentes.<!--more--><\/p>\n<p>Con el mismo prop\u00f3sito de salvar los debates pol\u00ed\u00adticos de las rutinas militantes, en donde la construcci\u00f3n de reflexi\u00f3n colectiva y plural suele contar de tantos estorbos, toma de nuevo la palabra la revista Concejo, en su quinto asalto. En esta ocasi\u00f3n, y prolongando de alguna manera el contenido del n\u00famero anterior, la cuesti\u00f3n del territorio, lanza una mirada sobre el proceso soberanista catal\u00e1n para entender, para escrutar, el lugar desde donde \u00e9sta parte. Son esos corrimientos de tierra con los que los enunciados escamotean sus sujetos, los que nos interesa hacer aflorar. \u00bfQui\u00e9n se erige como interlocutor? \u00bfDesde d\u00f3nde se pronuncia? Cuatro art\u00ed\u00adculos apostados en coordenadas diferentes, cuatro geograf\u00ed\u00adas con su repertorio de contrastes, diferencias y matices.<\/p>\n<p>Bajo licencia<strong> OMNIA SUNT COMMUNIA<\/strong> se contin\u00faa produciendo una revista al alcance de cualquiera, no cuenta con impedimentos econ\u00f3micos (est\u00e1 fuera del circuito mercantil); y sigue siendo una invitaci\u00f3n a participar, a tomar asiento en el c\u00ed\u00adrculo abierto de la palabra.<\/p>\n<p style=\"text-align: center;\"><img loading=\"lazy\" class=\"aligncenter wp-image-19969\" src=\"http:\/\/diariodevurgos.com\/dvwps\/wp-content\/uploads\/2018\/05\/portada-Concejo-N\u00ba5-724x1024.png\" alt=\"\" width=\"318\" height=\"450\" srcset=\"https:\/\/diariodevurgos.com\/dvwps\/wp-content\/uploads\/2018\/05\/portada-Concejo-N\u00ba5-724x1024.png 724w, https:\/\/diariodevurgos.com\/dvwps\/wp-content\/uploads\/2018\/05\/portada-Concejo-N\u00ba5-212x300.png 212w, https:\/\/diariodevurgos.com\/dvwps\/wp-content\/uploads\/2018\/05\/portada-Concejo-N\u00ba5-768x1086.png 768w, https:\/\/diariodevurgos.com\/dvwps\/wp-content\/uploads\/2018\/05\/portada-Concejo-N\u00ba5-370x523.png 370w, https:\/\/diariodevurgos.com\/dvwps\/wp-content\/uploads\/2018\/05\/portada-Concejo-N\u00ba5.png 1240w\" sizes=\"(max-width: 318px) 100vw, 318px\" \/><\/p>\n<p>\u00abLa falta de respuesta a las banderas de Espa\u00f1a en los balcones del mar interior de Castilla, no pueden ser m\u00e1s que argumentos para la preocupaci\u00f3n. Sobre todo cuando esa identidad enarbolada remite a la chuler\u00ed\u00ada, a la raz\u00f3n de Estado, a la conquista. Hay una responsabilidad que asumir en, lo que Marina Garc\u00e9s llama, el retorno de lo negado: que tanto el discurso neoliberal como el contestatario hayan reprimido el v\u00ed\u00adnculo con el territorio, por ir en contra de la linealidad hist\u00f3rica en su proceso globalizador, hace que este regrese muchas veces en su signaci\u00f3n m\u00e1s reaccionaria. Y, en cualquier caso, el punto ciego de estos discursos del progreso, esta volviendo siempre encubierto bajo la forma Estado-naci\u00f3n\u00bb<\/p>\n<p>M\u00e1s informaci\u00f3n y pedidos: <a href=\"http:\/\/www.lecturasdezamarraco.net\">www.lecturasdezamarraco.net<\/a><br \/>\nzamarracoedicones@yahoo.es<\/p>\n","protected":false},"excerpt":{"rendered":"<p>Concejo, publicaci\u00f3n que se define como un &#8220;espacio de encuentro para el pensamiento cr\u00ed\u00adtico&#8221;\u009d, acaba de editar su quinto n\u00famero. En esta nueva edici\u00f3n se lanza una mirada sobre el proceso soberanista catal\u00e1n a trav\u00e9s de cuatro art\u00ed\u00adculos que aportan miradas y matices diferentes.<\/p>\n","protected":false},"author":2,"featured_media":19969,"comment_status":"open","ping_status":"closed","sticky":false,"template":"","format":"standard","meta":[],"categories":[2,79,8,7],"tags":[],"_links":{"self":[{"href":"https:\/\/diariodevurgos.com\/dvwps\/wp-json\/wp\/v2\/posts\/19968"}],"collection":[{"href":"https:\/\/diariodevurgos.com\/dvwps\/wp-json\/wp\/v2\/posts"}],"about":[{"href":"https:\/\/diariodevurgos.com\/dvwps\/wp-json\/wp\/v2\/types\/post"}],"author":[{"embeddable":true,"href":"https:\/\/diariodevurgos.com\/dvwps\/wp-json\/wp\/v2\/users\/2"}],"replies":[{"embeddable":true,"href":"https:\/\/diariodevurgos.com\/dvwps\/wp-json\/wp\/v2\/comments?post=19968"}],"version-history":[{"count":4,"href":"https:\/\/diariodevurgos.com\/dvwps\/wp-json\/wp\/v2\/posts\/19968\/revisions"}],"predecessor-version":[{"id":19973,"href":"https:\/\/diariodevurgos.com\/dvwps\/wp-json\/wp\/v2\/posts\/19968\/revisions\/19973"}],"wp:featuredmedia":[{"embeddable":true,"href":"https:\/\/diariodevurgos.com\/dvwps\/wp-json\/wp\/v2\/media\/19969"}],"wp:attachment":[{"href":"https:\/\/diariodevurgos.com\/dvwps\/wp-json\/wp\/v2\/media?parent=19968"}],"wp:term":[{"taxonomy":"category","embeddable":true,"href":"https:\/\/diariodevurgos.com\/dvwps\/wp-json\/wp\/v2\/categories?post=19968"},{"taxonomy":"post_tag","embeddable":true,"href":"https:\/\/diariodevurgos.com\/dvwps\/wp-json\/wp\/v2\/tags?post=19968"}],"curies":[{"name":"wp","href":"https:\/\/api.w.org\/{rel}","templated":true}]}}