{"id":20108,"date":"2018-06-03T16:18:30","date_gmt":"2018-06-03T15:18:30","guid":{"rendered":"http:\/\/diariodevurgos.com\/dvwps\/?p=20108"},"modified":"2018-06-03T16:18:30","modified_gmt":"2018-06-03T15:18:30","slug":"reflexiones-sobre-la-huelga-de-hambre-colectiva","status":"publish","type":"post","link":"https:\/\/diariodevurgos.com\/dvwps\/reflexiones-sobre-la-huelga-de-hambre-colectiva.php","title":{"rendered":"Reflexiones sobre la huelga de hambre colectiva"},"content":{"rendered":"<p class=\"lead\">Con algo de retraso, llega esta carta desde la c\u00e1rcel de Estremera, de un compa\u00f1ero que ha participado en la huelga de hambre colectiva y se dirige a sus compa\u00f1erxs de dentro y de fuera reflexionando sobre lo vivido. La lucha y el di\u00e1logo siguen en pie.<!--more--><\/p>\n<p>Estremera, 9 de mayo de 2018<br \/>\nHola compa\u00f1erxs del Tokata, \u00bfC\u00f3mo est\u00e1is? Al recibo de mis letras espero que todo marche bien. Lo primero agradeceros el apoyo que nos dais a todxs lxs presxs, a las familias, y el hacernos llegar las cartas, el apoyo jur\u00ed\u00addico, lxs abogadxs&#8230; recib\u00ed\u00ad una carta vuestra que estaba escrita por Toni y una compa\u00f1era, Carmen Bad\u00ed\u00ada. Hay que hacer muchas conclusiones, lo primero creo que nuestra compa\u00f1ero Peke hizo buen papel y muy buena coordinaci\u00f3n con Tokata y que hicieran llegar las misivas del d\u00ed\u00ada de la huelga a todxs lxs presxs en lucha. Esto me pareci\u00f3 buena idea. Que hayamos secundado esta huelga muy poca gente me parece una falta de respeto, de inter\u00e9s o desinter\u00e9s, de pasotismo, de no creer en nuestros derechos, de sumisi\u00f3n, no tengo m\u00e1s calificativos. Mi apoyo lo tendr\u00e9is todos los d\u00ed\u00adas 1 hasta el 5. Llevaba un a\u00f1o sin hacer huelgas, he tenido un a\u00f1o para pensar y valorar mis decisiones, creo que este 1 de mayo con la propuesta de lucha que intent\u00f3 coordinar Peke me impuls\u00f3 a ser como yo era antes y sigo siendo, con ese estilo reivindicativo, luchador, anarquista.<\/p>\n<p style=\"text-align: center;\"><img loading=\"lazy\" class=\"aligncenter  wp-image-20109\" src=\"http:\/\/diariodevurgos.com\/dvwps\/wp-content\/uploads\/2018\/06\/carceles_pancart7.jpg\" alt=\"\" width=\"383\" height=\"287\" srcset=\"https:\/\/diariodevurgos.com\/dvwps\/wp-content\/uploads\/2018\/06\/carceles_pancart7.jpg 400w, https:\/\/diariodevurgos.com\/dvwps\/wp-content\/uploads\/2018\/06\/carceles_pancart7-300x225.jpg 300w, https:\/\/diariodevurgos.com\/dvwps\/wp-content\/uploads\/2018\/06\/carceles_pancart7-370x278.jpg 370w\" sizes=\"(max-width: 383px) 100vw, 383px\" \/><\/p>\n<p>Todo el mundo que me conoce, me ha ayudado en el momento de baj\u00f3n que estaba teniendo por miedo a torturas, represiones fascistas, primera fase, dispersi\u00f3n&#8230; Por eso me parec\u00ed\u00ada bien dar las gracias a todxs lxs grupos de apoyo, abogadxs, apoyo jur\u00ed\u00addico, familiares, presxs, peri\u00f3dicos alternativos, amigxs y gente o personas que qued\u00f3 por el camino y no olvidamos, a asesinadxs en los centros de tortura del Estado Espa\u00f1ol. Y secundar la Propuesta de Lucha fuera cual fuera su n\u00famero de personas, luego ya se valorar\u00ed\u00ada. Y pienso o creo que en la calle se lucha m\u00e1s que en la c\u00e1rcel, pero doy las gracias a todxs lxs presxs que hab\u00e9is querido luchar, primero por nosotrxs y luego para que de una puta vez se cumplan nuestros derechos. Aunque en la calle se est\u00e1n haciendo muchas cosas, si no hacemos nada dentro de los putos muros, todo queda en vano o el vaso medio vac\u00ed\u00ado y creo que debemos llenar el vaso y ahogar esta mierda de sistema.<\/p>\n<p>Esto no es una bobada pero debemos concienciarnos de como vivimos dentro de las c\u00e1rceles y luchar con el coraz\u00f3n, pensar en todxs lxs que sufren y crear, para luchar y atacar al sistema carcelario. Solos no lo vamos a conseguir, pero cuantos m\u00e1s seamos mucho mejor para todxs.<\/p>\n<p>No podemos desilusionarnos, debemos seguir. \u00a1\u00ed\u0081nimo a todxs! \u00a1La lucha contin\u00faa!<\/p>\n<p>Un abrazo a todxs mis compa\u00f1erxs en lucha.<br \/>\n<em><strong>Punky<\/strong><\/em><\/p>\n<p>&nbsp;<\/p>\n<p>Fuente:\u00a0 <a href=\"https:\/\/www.portaloaca.com\/articulos\/anticarcelario\/13695-reflexiones-sobre-la-huelga-de-hambre-colectiva-desde-la-carcel-de-estremera.html\">Portal Libertario AOCA<\/a><\/p>\n","protected":false},"excerpt":{"rendered":"<p>Con algo de retraso, llega esta carta desde la c\u00e1rcel de Estremera, de un compa\u00f1ero que ha participado en la huelga de hambre colectiva y se dirige a sus compa\u00f1erxs de dentro y de fuera reflexionando sobre lo vivido. La lucha y el di\u00e1logo siguen en pie.<\/p>\n","protected":false},"author":2,"featured_media":20109,"comment_status":"open","ping_status":"closed","sticky":false,"template":"","format":"standard","meta":[],"categories":[22,7],"tags":[],"_links":{"self":[{"href":"https:\/\/diariodevurgos.com\/dvwps\/wp-json\/wp\/v2\/posts\/20108"}],"collection":[{"href":"https:\/\/diariodevurgos.com\/dvwps\/wp-json\/wp\/v2\/posts"}],"about":[{"href":"https:\/\/diariodevurgos.com\/dvwps\/wp-json\/wp\/v2\/types\/post"}],"author":[{"embeddable":true,"href":"https:\/\/diariodevurgos.com\/dvwps\/wp-json\/wp\/v2\/users\/2"}],"replies":[{"embeddable":true,"href":"https:\/\/diariodevurgos.com\/dvwps\/wp-json\/wp\/v2\/comments?post=20108"}],"version-history":[{"count":1,"href":"https:\/\/diariodevurgos.com\/dvwps\/wp-json\/wp\/v2\/posts\/20108\/revisions"}],"predecessor-version":[{"id":20110,"href":"https:\/\/diariodevurgos.com\/dvwps\/wp-json\/wp\/v2\/posts\/20108\/revisions\/20110"}],"wp:featuredmedia":[{"embeddable":true,"href":"https:\/\/diariodevurgos.com\/dvwps\/wp-json\/wp\/v2\/media\/20109"}],"wp:attachment":[{"href":"https:\/\/diariodevurgos.com\/dvwps\/wp-json\/wp\/v2\/media?parent=20108"}],"wp:term":[{"taxonomy":"category","embeddable":true,"href":"https:\/\/diariodevurgos.com\/dvwps\/wp-json\/wp\/v2\/categories?post=20108"},{"taxonomy":"post_tag","embeddable":true,"href":"https:\/\/diariodevurgos.com\/dvwps\/wp-json\/wp\/v2\/tags?post=20108"}],"curies":[{"name":"wp","href":"https:\/\/api.w.org\/{rel}","templated":true}]}}