{"id":20122,"date":"2018-06-05T12:48:51","date_gmt":"2018-06-05T11:48:51","guid":{"rendered":"http:\/\/diariodevurgos.com\/dvwps\/?p=20122"},"modified":"2018-06-05T12:48:51","modified_gmt":"2018-06-05T11:48:51","slug":"caso-altsasu-una-sentencia-vengativa-y-nuevas-detenciones","status":"publish","type":"post","link":"https:\/\/diariodevurgos.com\/dvwps\/caso-altsasu-una-sentencia-vengativa-y-nuevas-detenciones.php","title":{"rendered":"Caso Altsasu: una sentencia vengativa y nuevas detenciones"},"content":{"rendered":"<p class=\"lead\">El pasado <strong>1 de junio<\/strong> conoc\u00ed\u00adamos la sentencia del caso Altatsu, donde se condena a los ocho j\u00f3venes de esta localidad a <strong>67 a\u00f1os de c\u00e1rcel<\/strong> en total, por una pelea de bar con unos guardias civiles. Finalmente, no se les\u00a0 condena por terrorismo pero les aplican las penas m\u00e1s altas contempladas para los delitos de &#8220;des\u00f3rdenes p\u00fablicos&#8221; y &#8220;lesiones&#8221;.<!--more-->Desde que se conoci\u00f3 la\u00a0 sentencia los familiares y grupos de apoyo a los j\u00f3venes no han parado de movilizarse visibilizando la &#8220;barbaridad humana y jur\u00ed\u00addica&#8221; como as\u00ed\u00ad califican la sentencia obtenida para estos j\u00f3venes que cumplir\u00e1n condena de c\u00e1rcel de 2 a 13 a\u00f1os.<\/p>\n<p>Entre gritos de <em>Altsasukoak askatu!<\/em> y mucha emoci\u00f3n, una gran multitud recibi\u00f3 a las familias de los condenados que se dispon\u00ed\u00adan a dar una rueda de prensa en Iru\u00f1ea el pasado viernes. Las muestras de apoyo y indignaci\u00f3n por la sentencia no han parado durante estos d\u00ed\u00adas- unas 6.000 personas se manifestaron el viernes- y se pretende que la solidaridad ante esta venganza institucional contra el pueblo vasco genere una reacci\u00f3n masiva en las calles, y por ello, llaman a una <strong>gran movilizaci\u00f3n<\/strong> para el pr\u00f3ximo s\u00e1bado<strong> 16 de junio<\/strong>. (La rueda de prensa que se puede ver \u00ed\u00adntegramente en\u00a0<a href=\"http:\/\/ahotsa.info\/edukia\/altsasu-gurasoak-cree-que-la-sentencia-es-una-venganza-y-llama-a-una-gran-movilizacion-el-16-de-junio-en-irunea\"> Ahotsa.info<\/a> )<\/p>\n<p>Adem\u00e1s de las penas de c\u00e1rcel, por la v\u00ed\u00ada de responsabilidad civil deber\u00e1n indemnizar al teniente con 9.200\u00e2\u201a\u00ac por lesiones, al sargenteo con 3.750\u00e2\u201a\u00ac y a sus novias 6100 cada una. Por da\u00f1os morales, se le fija una multa de 45.000\u00e2\u201a\u00ac a pagar a la novia del teniente y 25.000 para la novia del sargento.<\/p>\n<p>El tribunal que preside la magistrada Concepci\u00f3n Espejel, les impone estas penas ya que considera que estos j\u00f3venes actuaron &#8220;movidos por la animadversi\u00f3n y menosprecio a la Guardia Civil y por motivos claramente ideol\u00f3gicos&#8221;. Es por este motivo, que no\u00a0 considera que los hechos acaecidos en la madrugada del 15 de octubre de 2016 fuera una pelea de bar y los vincula con el movimiento <em>Ospa (Fuera de Aqu\u00ed\u00ad).<\/em> Asimismo, no se puede probar que las agresiones tuvieran la intenci\u00f3n de subvertir el orden constitucional o de provocar terror en la gente, por lo que no se les puede condenar por terrorismo.<\/p>\n<p>Para tensar m\u00e1s la situaci\u00f3n, esta ma\u00f1ana la Guardia Civil\u00a0 <strong>deten\u00ed\u00ada a cuatro de los ocho j\u00f3venes por &#8220;riesgo de fuga&#8221;<\/strong> ya que tienen condenas de entre 9 y 13 a\u00f1os; se encontraban el libertad provisional, ya que los otros tres chicos est\u00e1n presos desde hace a\u00f1o y medio. Les han llevado a Madrid por orden de la Audiencia Nacional y deber\u00e1n esperar a que les lleven a prisi\u00f3n cautelarmente si as\u00ed\u00ad lo dictamina el tribunal.<\/p>\n<p>Las primeras reacciones ante estos abusos ha sido una concentraci\u00f3n frente al Ayuntamiento de Altsasu y a la tarde hay convocadas dos movilizaciones: una rueda de prensa a las 17h. y una manifestaci\u00f3n por las calles de la ciudad a las 20h.<\/p>\n<p>Desde este medio queremos sumarnos a las muestras de apoyo a las personas sentencias y a sus familias, y condenamos firmemente esta sentencia que no es m\u00e1s que un revanchismo fascista\u00a0 que emerge de las cloacas de la Audiencia Nacional.<\/p>\n<p>A continuaci\u00f3n, reproducimos el comunicado de la <strong>Plataforma ALTSASUKOAK ASKE<\/strong><\/p>\n<div dir=\"auto\">Ignominia, barbaridad humana y jur\u00ed\u00addica, injusticia, venganza de psic\u00f3patas, horror, aberraci\u00f3n&#8230; no hay palabras para describir lo que supone esta sentencia. Han secuestrado la juventud de nuestros amigos y amiga. Quieren encerrarlos durante largos a\u00f1os, entre 13 y 9, en oscuros calabozos, y destrozar la vida de ocho familias de Altsasu. Se han basado en\u00a0\u00a0la mentira, en la manipulaci\u00f3n, en la tergiversaci\u00f3n, en la exageraci\u00f3n, en la sobreactuaci\u00f3n y sobre todo, en el abuso de poder, de un poder desp\u00f3tico, el de la Audiencia Nacional, el de la Guardia Civil y el de algunos medios de comunicaci\u00f3n. Todo ello ha desembocado en la conculcaci\u00f3n de los principios b\u00e1sicos que deben sustentar una sociedad sana.<\/div>\n<div dir=\"auto\">Y la justicia espa\u00f1ola, ni es justicia, ni es sana. Primero, porque esto no es terrorismo. Hasta la Audiencia Nacional lo reconoce. Antes ya lo hab\u00ed\u00ada dejado claro de manera argumentada la Audiencia Provincial de Navarra. Y si no es terrorismo, los hechos deber\u00ed\u00adan ser juzgados en Navarra, no en Madrid. En cambio, la intromisi\u00f3n y la injerencia de los poderes centrales desde Madrid, han llevado a que los hechos ocurridos en Navarra, no se juzguen en Navarra sino en Madrid, en un tribunal especial y excepcional que desconoce y desprecia completamente nuestra realidad. Han detenido a nuestros amigos y los han llevado a Madrid y los han encerrado en c\u00e1rceles de Madrid, alejados de todas sus familias y sus amistades. \u00bfC\u00f3mo podemos defendernos de la intromisi\u00f3n, secuestro y el abuso que provienen desde los poderes centrales?<\/div>\n<div dir=\"auto\">La justicia espa\u00f1ola, ni es justicia, ni es sana, porque han vulnerado las garant\u00ed\u00adas a un juicio justo y al derecho a la defensa. La sombra de la Guardia Civil, y no s\u00f3lo la sombra, ha sobrevolado en todo este <a href=\"http:\/\/proceso.%20%20la\/\" target=\"_blank\" rel=\"noopener noreferrer\">proceso.\u00a0\u00a0La<\/a> jueza Lamela, la instructora de la causa en la Audiencia Nacional, la que no permiti\u00f3 la inclusi\u00f3n de pruebas y relatos de testigos a las defensas, est\u00e1 condecorada por la Guardia Civil. La Guardia Civil ha llevado a cabo la investigaci\u00f3n de esta causa. \u00bfD\u00f3nde queda la imparcialidad en la investigaci\u00f3n de los hechos? La Guardia Civil ha detenido a nuestros amigos. Testigos y peritos han sido miembros de la Guardia Civil. Y lo que es m\u00e1s alarmante, la presidenta del Tribunal que ha condenado a estos ocho j\u00f3venes, est\u00e1 casada con un Coronel de la Guardia Civil y ha recibido la cruz al m\u00e9rito de la Guardia Civil. \u00bfD\u00f3nde queda la neutralidad del tribunal y de la Justicia? \u00bfC\u00f3mo podemos defendernos de un cuerpo y un modelo policial que en lugar de estar al servicio de la sociedad y supeditado al sistema judicial, se comporta con tales ansias vengativas y se sit\u00faa por encima de los poderes democr\u00e1ticos?<\/div>\n<div dir=\"auto\">Y la justicia espa\u00f1ola, ni es justicia, ni es sana, ni es garantista, porque se gu\u00ed\u00ada por la venganza y eleva el punitivismo a doctrina. Por un lado, como efecto m\u00e1s grave tenemos una lesi\u00f3n de tobillo, y por otro lado, tenemos provocativas penas de c\u00e1rceles. La desproporci\u00f3n y la arbitrariedad jur\u00ed\u00addica resultan vergonzosas y terror\u00ed\u00adficas. 9571 casos similares en el a\u00f1o 2016 y en ning\u00fan caso con lesiones equivalentes ha habido condenas que supongan ingreso en prisi\u00f3n. Hoy mismo hemos conocido la sentencia sobre unos hechos similares ocurrido con unos Polic\u00ed\u00adas Nacionales en un bar de Pamplona y la condena m\u00e1xima ha sido de dos a\u00f1os y medio. \u00bfQui\u00e9n nos defiende de esta llamada Justicia vengativa que act\u00faa con odio y contra la convivencia y los derechos humanos fundamentales?<\/div>\n<div dir=\"auto\">Queremos Justicia, justicia con may\u00fasculas, justicia garantista, justicia enraizada en nuestra tierra, justicia que act\u00fae al nivel de los est\u00e1ndares democr\u00e1ticos de respeto a los derechos y las libertades que prevalecen en la sociedad navarra. Por todo ello, para denunciar esta vergonzosa y indigna INJUSTICIA y para construir una sociedad y un sistema judicial democr\u00e1tico llamamos a la sociedad a difundir estos mensajes, a ser parte activa y participar en las movilizaciones que se realizar\u00e1n en las siguientes fechas. El d\u00ed\u00ada 16 de Junio, por la tarde, volveremos a llenar las calles de Pamplona para pedir JUSTICIA en may\u00fasculas.<\/div>\n<div dir=\"auto\">Gracias<\/div>\n<div dir=\"auto\">En Altsasu, a 1 de Junio de 2018<\/div>\n","protected":false},"excerpt":{"rendered":"<p>El pasado 1 de junio conoc\u00ed\u00adamos la sentencia del caso Altatsu, donde se condena a los ocho j\u00f3venes de esta localidad a 67 a\u00f1os de c\u00e1rcel en total, por una pelea de bar con unos guardias civiles. Finalmente, no se les\u00a0 condena por terrorismo pero les aplican las penas m\u00e1s altas contempladas para los delitos&#8230;  <a href=\"https:\/\/diariodevurgos.com\/dvwps\/caso-altsasu-una-sentencia-vengativa-y-nuevas-detenciones.php\" class=\"more-link\" title=\"Read Caso Altsasu: una sentencia vengativa y nuevas detenciones\">Read more &raquo;<\/a><\/p>\n","protected":false},"author":69,"featured_media":20126,"comment_status":"open","ping_status":"closed","sticky":false,"template":"","format":"standard","meta":[],"categories":[22,17],"tags":[],"_links":{"self":[{"href":"https:\/\/diariodevurgos.com\/dvwps\/wp-json\/wp\/v2\/posts\/20122"}],"collection":[{"href":"https:\/\/diariodevurgos.com\/dvwps\/wp-json\/wp\/v2\/posts"}],"about":[{"href":"https:\/\/diariodevurgos.com\/dvwps\/wp-json\/wp\/v2\/types\/post"}],"author":[{"embeddable":true,"href":"https:\/\/diariodevurgos.com\/dvwps\/wp-json\/wp\/v2\/users\/69"}],"replies":[{"embeddable":true,"href":"https:\/\/diariodevurgos.com\/dvwps\/wp-json\/wp\/v2\/comments?post=20122"}],"version-history":[{"count":3,"href":"https:\/\/diariodevurgos.com\/dvwps\/wp-json\/wp\/v2\/posts\/20122\/revisions"}],"predecessor-version":[{"id":20127,"href":"https:\/\/diariodevurgos.com\/dvwps\/wp-json\/wp\/v2\/posts\/20122\/revisions\/20127"}],"wp:featuredmedia":[{"embeddable":true,"href":"https:\/\/diariodevurgos.com\/dvwps\/wp-json\/wp\/v2\/media\/20126"}],"wp:attachment":[{"href":"https:\/\/diariodevurgos.com\/dvwps\/wp-json\/wp\/v2\/media?parent=20122"}],"wp:term":[{"taxonomy":"category","embeddable":true,"href":"https:\/\/diariodevurgos.com\/dvwps\/wp-json\/wp\/v2\/categories?post=20122"},{"taxonomy":"post_tag","embeddable":true,"href":"https:\/\/diariodevurgos.com\/dvwps\/wp-json\/wp\/v2\/tags?post=20122"}],"curies":[{"name":"wp","href":"https:\/\/api.w.org\/{rel}","templated":true}]}}