{"id":2013,"date":"2008-10-31T11:28:48","date_gmt":"2008-10-31T10:28:48","guid":{"rendered":"http:\/\/diariodevurgos.com\/dvwps\/chicle-para-el-multacar.php"},"modified":"2008-10-31T11:28:48","modified_gmt":"2008-10-31T10:28:48","slug":"chicle-para-el-multacar","status":"publish","type":"post","link":"https:\/\/diariodevurgos.com\/dvwps\/chicle-para-el-multacar.php","title":{"rendered":"Chicle para el multacar"},"content":{"rendered":"<p class=\"lead\"><img align=\"right\" alt=\"Algo\" id=\"image76\" title=\"Algo\" src=\"http:\/\/diariodevurgos.com\/dvwps\/wp-content\/uploads\/2007\/01\/banksy2.miniatura.jpg\" \/>Hoy nos hemos enterado los burgaleses que supuestamente <a title=\"multacar\" href=\"http:\/\/diariodevurgos.com\/dvwps\/temblad-burgaleses-temblad.php\">&#8220;<em>el multacar<\/em>&#8220;\u009d de Aparicio<\/a> lleva registradas 1700 infracciones desde enero, hace tiempo comentamos aqu\u00ed\u00ad alg\u00fan consejillo para evitar las incomodas multas de este aparato.<br \/>\n<!--more--><br \/>\nSi tu coche esta estacionado no tienes obligaci\u00f3n de tener la matricula visible, as\u00ed\u00ad de claro. As\u00ed\u00ad que si eres de Gamonal o alg\u00fan otro barrio con problemas de aparcamiento y el alcalde no sabe hacer otra cosa que arreglar el asunto con parkings privados sin invertir un puto duro, agrietando las casas colindantes y jodi\u00e9ndote con m\u00e1s polic\u00ed\u00ada aqu\u00ed\u00ad tienes la soluci\u00f3n.<\/p>\n<p>Tan solo tienes que tapar parte de tu matricula cuando estaciones con un chicle, papel, pegatina, todo vale. A fin de cuentas el madero que conduce el multacar tendr\u00e1 que bajarse a quitar lo que molesta para que tu matricula salga bien en la foto y todos sabemos cuanto curran los funcionarios. <a title=\"explicacion\" href=\"http:\/\/diariodevurgos.com\/dvwps\/la-amenaza-de-la-doble-fila.php\">Todo esto lo explicamos mejor en su d\u00ed\u00ada<\/a>.<\/p>\n","protected":false},"excerpt":{"rendered":"<p>Hoy nos hemos enterado los burgaleses que supuestamente &#8220;el multacar&#8220;\u009d de Aparicio lleva registradas 1700 infracciones desde enero, hace tiempo comentamos aqu\u00ed\u00ad alg\u00fan consejillo para evitar las incomodas multas de este aparato.<\/p>\n","protected":false},"author":1,"featured_media":0,"comment_status":"open","ping_status":"closed","sticky":false,"template":"","format":"standard","meta":[],"categories":[2],"tags":[],"_links":{"self":[{"href":"https:\/\/diariodevurgos.com\/dvwps\/wp-json\/wp\/v2\/posts\/2013"}],"collection":[{"href":"https:\/\/diariodevurgos.com\/dvwps\/wp-json\/wp\/v2\/posts"}],"about":[{"href":"https:\/\/diariodevurgos.com\/dvwps\/wp-json\/wp\/v2\/types\/post"}],"author":[{"embeddable":true,"href":"https:\/\/diariodevurgos.com\/dvwps\/wp-json\/wp\/v2\/users\/1"}],"replies":[{"embeddable":true,"href":"https:\/\/diariodevurgos.com\/dvwps\/wp-json\/wp\/v2\/comments?post=2013"}],"version-history":[{"count":0,"href":"https:\/\/diariodevurgos.com\/dvwps\/wp-json\/wp\/v2\/posts\/2013\/revisions"}],"wp:attachment":[{"href":"https:\/\/diariodevurgos.com\/dvwps\/wp-json\/wp\/v2\/media?parent=2013"}],"wp:term":[{"taxonomy":"category","embeddable":true,"href":"https:\/\/diariodevurgos.com\/dvwps\/wp-json\/wp\/v2\/categories?post=2013"},{"taxonomy":"post_tag","embeddable":true,"href":"https:\/\/diariodevurgos.com\/dvwps\/wp-json\/wp\/v2\/tags?post=2013"}],"curies":[{"name":"wp","href":"https:\/\/api.w.org\/{rel}","templated":true}]}}