{"id":2016,"date":"2008-10-31T12:35:42","date_gmt":"2008-10-31T11:35:42","guid":{"rendered":"http:\/\/diariodevurgos.com\/dvwps\/estaba-ya-escrita.php"},"modified":"2008-10-31T12:35:42","modified_gmt":"2008-10-31T11:35:42","slug":"estaba-ya-escrita","status":"publish","type":"post","link":"https:\/\/diariodevurgos.com\/dvwps\/estaba-ya-escrita.php","title":{"rendered":"Estaba ya escrita"},"content":{"rendered":"<p class=\"lead\"><img id=\"image1912\" title=\"Solidaridad encausados\" alt=\"Solidaridad encausados\" src=\"http:\/\/diariodevurgos.com\/dvwps\/wp-content\/uploads\/2008\/10\/banner2.jpg\" align=\"right\" \/>El pasado 29 de octubre se hizo publica la sentencia condenatoria contra los tres vecinos procesados por oponerse al parking de Eladio Perlado. Una sentencia que dadas las circunstancias de linchamiento medi\u00e1tico en las que se ha desarrollado este proceso se ve\u00ed\u00ada venir. Como siempre la justicia no es igual para todos.<\/p>\n<p><!--more--><br \/>\nLa actual clase pol\u00ed\u00adtica burgalesa posea una serie de esquemas mentales bien definidos. No creo que no nadie se sorprenda si me atrevo a firmar que muchos de sus par\u00e1metros ideol\u00f3gicos hunden sus ra\u00ed\u00adces en el franquismo.<\/p>\n<p>A nadie se le escapa que algunos de las m\u00e1s representativas figuras de la actualidad pol\u00ed\u00adtica burgalesa se han formado como pol\u00ed\u00adticos en las instituciones del franquismo. Y para evitar las posibles quinielas nos atrevemos incluso a aportar nombres: el actual presidente de la Diputaci\u00f3n, <strong>Se\u00f1or Orden Vigara<\/strong> se form\u00f3 en la antigua <strong>Falange Espa\u00f1ola y de las JONS. <\/strong><\/p>\n<p>Pero no digo nada nuevo. En esta ciudad es algo bien conocido por todos.<\/p>\n<p>Los m\u00e1s j\u00f3venes (Ib\u00e1\u00f1ez, Lacalle&#8230;) por edad no tuvieron la oportunidad de formarse en el anterior r\u00e9gimen, pero comparten con sus mayores el mismo sentido autoritario y caciquil de la pol\u00ed\u00adtica.<\/p>\n<p>La oposici\u00f3n no es ni mucho menos mejor que lo anterior y si en alg\u00fan momento se ha preocupado por este conflicto ha sido siempre con af\u00e1n electoralista.<\/p>\n<p>Este tipo de clase pol\u00ed\u00adtica digiere mal cualquier tipo de oposici\u00f3n popular.\u00a0 Si ha habido un barrio que se le ha opuesto, si ha habido un colectivo vecinal que no ha aceptado sus imposiciones, lo pagar\u00e1n caro.<\/p>\n<p>Cuando los vecinos del barrio de Gamonal se les plantaron aquella jornada del <a title=\"18A\" href=\"http:\/\/www.klinamen.org\/noalparking\/hechos.htm\">18 de agosto de 2005<\/a> alguno de estos pol\u00ed\u00adticos no pudo conciliar el sue\u00f1o.<\/p>\n<p>\u00bfC\u00f3mo pod\u00ed\u00ada ser posible que el populacho no aceptase de buena gana un parking que estaba destinado a mejorar su situaci\u00f3n?<\/p>\n<p>\u00bfC\u00f3mo era posible que se atrevieran a decir tan a las claras que aquel parking era una nueva excusa para especular con el suelo?<\/p>\n<p>\u00bfPero c\u00f3mo un grupo de &#8220;paletos&#8221;\u009d se atrev\u00ed\u00ada a desafiar a las porras y pelotazos de goma de la polic\u00ed\u00ada local y nacional?<\/p>\n<p>A varios de estos pol\u00ed\u00adticos aquel 18 de agosto <a title=\"Vacaciones en Turquia\" href=\"http:\/\/diariodevurgos.com\/dvwps\/aquellas-vaciones-en-turquia.php\">les pill\u00f3 de vacaciones.<\/a> Los enfrentamientos entre polic\u00ed\u00ada y vecinos, retransmitidos a escala nacional, hicieron que para salvar la papeleta ante la opini\u00f3n p\u00fablica estos pol\u00ed\u00adticos tuvieran que inventarse versiones tan absurdas como aquella de la participaci\u00f3n en los altercados de miembros de la <em><a title=\"Abertxandals\" href=\"http:\/\/diariodevurgos.com\/dvwps\/los-abertxandals-ya-estan-aqui.php\">Kale Borroka<\/a><\/em> procedente del pa\u00ed\u00ads vasco.<\/p>\n<p align=\"center\"><img loading=\"lazy\" id=\"image2014\" title=\"Eladio\" style=\"width: 382px; height: 369px\" height=\"369\" alt=\"Eladio\" src=\"http:\/\/diariodevurgos.com\/dvwps\/wp-content\/uploads\/2008\/10\/eladio-grande.jpg\" width=\"382\" \/><\/p>\n<p><strong>Ahora se me plantean varias preguntas:<br \/>\n<\/strong>\u00bfD\u00f3nde tienen ubicada su residencia habitual los vecinos detenidos y procesados?<\/p>\n<p>\u00bfHay alguno qu\u00e9 por casualidad viva en el Pa\u00ed\u00ads Vasco? \u00bfHay alguna que viva en Sicilia? \u00bfY en Afganist\u00e1n?.<\/p>\n<p>\u00bfLos medios de comunicaci\u00f3n que difundieron la versi\u00f3n Kale Borroka han desmentido esta noticia?<\/p>\n<p>\u00bfMent\u00ed\u00ada descaradamente el antiguo concejal de Polic\u00ed\u00ada Local <a title=\"Vous palarzez francaice?\" href=\"http:\/\/diariodevurgos.com\/dvwps\/el-olvido.php\">Eduardo Franc\u00e9s<\/a> cuando este verano declaraba que lo mejor en el conflicto de Eladio perlado era olvidar?<\/p>\n<p align=\"center\"><img loading=\"lazy\" id=\"image2015\" title=\"Pelotas de Goma\" style=\"width: 412px; height: 373px\" height=\"373\" alt=\"Pelotas de Goma\" src=\"http:\/\/diariodevurgos.com\/dvwps\/wp-content\/uploads\/2008\/10\/eladio-pelotas-de-goma.jpg\" width=\"412\" \/><\/p>\n<p>En el primer juicio por los sucesos de Eladio Perlado se ha condenado a varios de los m\u00e1s significados vecinos en la lucha contra el parking. Pero que nadie se enga\u00f1e. No lo han sido porque agredieran a un agente o tiraran o no las vallas como dice la sentencia. Han sido condenados por ser algunos de los vecinos m\u00e1s significados en las movilizaciones contra el parking. Un &#8220;delito&#8221;\u009d a todas luces grav\u00ed\u00adsimo para estos pol\u00ed\u00adticos.<\/p>\n<p align=\"center\"><img id=\"image1914\" title=\"juicio18a1.JPG\" alt=\"juicio18a1.JPG\" src=\"http:\/\/diariodevurgos.com\/dvwps\/wp-content\/uploads\/2008\/10\/juicio18a1.JPG\" \/><\/p>\n<p>La sentencia es un toque de atenci\u00f3n para otras luchas vecinales y otros conflictos sociales, pero, en definitiva, es un toque de atenci\u00f3n para todos los habitantes de Burgos. \u00a1Que nadie se oponga a nuestros designios, sino ya sabe lo que le espera!.<br \/>\nA estas alturas de la pel\u00ed\u00adcula nadie cree ya en la supuesta separaci\u00f3n de poderes del llamado Estado de derecho. Se ha vuelto a demostrar que la justicia no es igual para todos.<\/p>\n<p>\u00bfQui\u00e9n recuerda que\u00a0 los 7 a\u00f1os que el se\u00f1or M\u00e9ndez Pozo deb\u00ed\u00ada permanecer en prisi\u00f3n por un delito de corrupci\u00f3n urban\u00ed\u00adstica se transformaron finalmente en uno?<\/p>\n<p>Y sin la necesidad de irnos tan atr\u00e1s en el tiempo. \u00bfQui\u00e9n se acuerda de c\u00f3mo los empresarios de Arranz-Acinas evitaron la entrada en prisi\u00f3n tras el accidente laboral que le costo la vida a\u00a0 de 10 de sus trabajadores?<\/p>\n<p><strong>\u00a1Que pierda toda esperanza quien se oponga a nosotros!<br \/>\n<\/strong>Es la frase que deber\u00ed\u00ada de estar inscrita en la fachada de todas instituciones burgalesas.\u00a0\u00a0<\/p>\n<p align=\"center\"><img id=\"image1902\" title=\"Procesados Eladio Perlado\" alt=\"Procesados Eladio Perlado\" src=\"http:\/\/diariodevurgos.com\/dvwps\/wp-content\/uploads\/2008\/09\/procesadosep.jpg\" \/><\/p>\n<p>Sin embargo nada esta perdido pues si una vez fuimos capaces de enfrentarnos a las porras y pelotas de goma de los esbirros del Ayuntamiento, podremos hacer que nuestros vecinos y amigos no entren en prisi\u00f3n.<\/p>\n<p align=\"center\">\u00a0<\/p>\n","protected":false},"excerpt":{"rendered":"<p>El pasado 29 de octubre se hizo publica la sentencia condenatoria contra los tres vecinos procesados por oponerse al parking de Eladio Perlado. Una sentencia que dadas las circunstancias de linchamiento medi\u00e1tico en las que se ha desarrollado este proceso se ve\u00ed\u00ada venir. Como siempre la justicia no es igual para todos.<\/p>\n","protected":false},"author":15,"featured_media":0,"comment_status":"open","ping_status":"closed","sticky":false,"template":"","format":"standard","meta":[],"categories":[3,2,27,17],"tags":[],"_links":{"self":[{"href":"https:\/\/diariodevurgos.com\/dvwps\/wp-json\/wp\/v2\/posts\/2016"}],"collection":[{"href":"https:\/\/diariodevurgos.com\/dvwps\/wp-json\/wp\/v2\/posts"}],"about":[{"href":"https:\/\/diariodevurgos.com\/dvwps\/wp-json\/wp\/v2\/types\/post"}],"author":[{"embeddable":true,"href":"https:\/\/diariodevurgos.com\/dvwps\/wp-json\/wp\/v2\/users\/15"}],"replies":[{"embeddable":true,"href":"https:\/\/diariodevurgos.com\/dvwps\/wp-json\/wp\/v2\/comments?post=2016"}],"version-history":[{"count":0,"href":"https:\/\/diariodevurgos.com\/dvwps\/wp-json\/wp\/v2\/posts\/2016\/revisions"}],"wp:attachment":[{"href":"https:\/\/diariodevurgos.com\/dvwps\/wp-json\/wp\/v2\/media?parent=2016"}],"wp:term":[{"taxonomy":"category","embeddable":true,"href":"https:\/\/diariodevurgos.com\/dvwps\/wp-json\/wp\/v2\/categories?post=2016"},{"taxonomy":"post_tag","embeddable":true,"href":"https:\/\/diariodevurgos.com\/dvwps\/wp-json\/wp\/v2\/tags?post=2016"}],"curies":[{"name":"wp","href":"https:\/\/api.w.org\/{rel}","templated":true}]}}