{"id":20196,"date":"2018-06-17T10:34:49","date_gmt":"2018-06-17T09:34:49","guid":{"rendered":"http:\/\/diariodevurgos.com\/dvwps\/?p=20196"},"modified":"2018-06-17T10:34:49","modified_gmt":"2018-06-17T09:34:49","slug":"manifestacion-por-un-trabajo-publico-digno","status":"publish","type":"post","link":"https:\/\/diariodevurgos.com\/dvwps\/manifestacion-por-un-trabajo-publico-digno.php","title":{"rendered":"Manifestaci\u00f3n por un trabajo p\u00fablico digno"},"content":{"rendered":"<p class=\"lead\">El sindicato <strong>CGT<\/strong> convoca para este<strong> jueves 21 de junio<\/strong> una manifestaci\u00f3n por un trabajo p\u00fablico digno. La marcha dar\u00e1 comienzo a partir de las<strong> 20:00 horas<\/strong> desde la <strong>plaza del Cid.<\/strong><\/p>\n<p style=\"text-align: center;\"><img loading=\"lazy\" class=\"aligncenter  wp-image-20197\" src=\"http:\/\/diariodevurgos.com\/dvwps\/wp-content\/uploads\/2018\/06\/Mani-por-un-trabajo-p\u00fablico-digno.jpg\" alt=\"\" width=\"359\" height=\"563\" srcset=\"https:\/\/diariodevurgos.com\/dvwps\/wp-content\/uploads\/2018\/06\/Mani-por-un-trabajo-p\u00fablico-digno.jpg 380w, https:\/\/diariodevurgos.com\/dvwps\/wp-content\/uploads\/2018\/06\/Mani-por-un-trabajo-p\u00fablico-digno-191x300.jpg 191w, https:\/\/diariodevurgos.com\/dvwps\/wp-content\/uploads\/2018\/06\/Mani-por-un-trabajo-p\u00fablico-digno-370x580.jpg 370w\" sizes=\"(max-width: 359px) 100vw, 359px\" \/><\/p>\n","protected":false},"excerpt":{"rendered":"<p>El sindicato CGT convoca para este jueves 21 de junio una manifestaci\u00f3n por un trabajo p\u00fablico digno. La marcha dar\u00e1 comienzo a partir de las 20:00 horas desde la plaza del Cid.<\/p>\n","protected":false},"author":2,"featured_media":20197,"comment_status":"open","ping_status":"closed","sticky":false,"template":"","format":"standard","meta":[],"categories":[2,14],"tags":[],"_links":{"self":[{"href":"https:\/\/diariodevurgos.com\/dvwps\/wp-json\/wp\/v2\/posts\/20196"}],"collection":[{"href":"https:\/\/diariodevurgos.com\/dvwps\/wp-json\/wp\/v2\/posts"}],"about":[{"href":"https:\/\/diariodevurgos.com\/dvwps\/wp-json\/wp\/v2\/types\/post"}],"author":[{"embeddable":true,"href":"https:\/\/diariodevurgos.com\/dvwps\/wp-json\/wp\/v2\/users\/2"}],"replies":[{"embeddable":true,"href":"https:\/\/diariodevurgos.com\/dvwps\/wp-json\/wp\/v2\/comments?post=20196"}],"version-history":[{"count":1,"href":"https:\/\/diariodevurgos.com\/dvwps\/wp-json\/wp\/v2\/posts\/20196\/revisions"}],"predecessor-version":[{"id":20198,"href":"https:\/\/diariodevurgos.com\/dvwps\/wp-json\/wp\/v2\/posts\/20196\/revisions\/20198"}],"wp:featuredmedia":[{"embeddable":true,"href":"https:\/\/diariodevurgos.com\/dvwps\/wp-json\/wp\/v2\/media\/20197"}],"wp:attachment":[{"href":"https:\/\/diariodevurgos.com\/dvwps\/wp-json\/wp\/v2\/media?parent=20196"}],"wp:term":[{"taxonomy":"category","embeddable":true,"href":"https:\/\/diariodevurgos.com\/dvwps\/wp-json\/wp\/v2\/categories?post=20196"},{"taxonomy":"post_tag","embeddable":true,"href":"https:\/\/diariodevurgos.com\/dvwps\/wp-json\/wp\/v2\/tags?post=20196"}],"curies":[{"name":"wp","href":"https:\/\/api.w.org\/{rel}","templated":true}]}}