{"id":20235,"date":"2018-06-26T11:43:04","date_gmt":"2018-06-26T10:43:04","guid":{"rendered":"http:\/\/diariodevurgos.com\/dvwps\/?p=20235"},"modified":"2018-06-27T20:29:00","modified_gmt":"2018-06-27T19:29:00","slug":"orgullo-vivo-orgullo-combativo","status":"publish","type":"post","link":"https:\/\/diariodevurgos.com\/dvwps\/orgullo-vivo-orgullo-combativo.php","title":{"rendered":"Orgullo vivo, orgullo combativo"},"content":{"rendered":"<p class=\"lead\">Este 28 de junio, se celebra el d\u00ed\u00ada del Orgullo y por ello, reproducimos el comunicado y el cartel preparado por la Asamblea Diversidad Combativa Burgos de reciente creaci\u00f3n en la ciudad.<\/p>\n<p>Ese d\u00ed\u00ada habr\u00e1 diversas actividades culminando con una manifestaci\u00f3n a las 20h. desde el Cid.<!--more--><\/p>\n<p>Personas de diversas identidades, sexualidades y g\u00e9neros en Burgos, nos preparamos para el 28 de Junio, D\u00ed\u00ada del Orgullo; porque este sea combativo, cr\u00ed\u00adtico y un d\u00ed\u00ada de lucha en la ciudad.Como en muchos otros sitios, nosotres tambi\u00e9n vemos la necesidad de hacer frente a las fobias y agresiones que sufrimos diariamente fruto del sistema.<\/p>\n<p>La Polic\u00ed\u00ada nacional, disfrazada de gay heteronormativamente guapo, blanco, europeo y privilegiado, que nos ataca, detiene y amordaza, tambi\u00e9n desfila en una carroza por las calles de Madrid y pretende hacernos creer que la propia polic\u00ed\u00ada del Estado puede solucionarnos la vida y festejar nuestras identidades&#8230; invisibiliz\u00e1ndonos. Este estado, la misma instituci\u00f3n que nos violenta y nos lleva a la miseria, a la discriminaci\u00f3n y a la marginaci\u00f3n social, se lava la cara este d\u00ed\u00ada con una bandera arco\u00ed\u00adris haciendo de su juego un negocio.<\/p>\n<p>Los motivos que nos llevan a organizarnos son muchos, pero el principal es la necesidad de visibilizar un colectivo que no es el que el poder reproduce. La transmisoginia y el odio a nuestros cuerpos, reproducido desde los medios de comunicaci\u00f3n, nos llevan a denunciar la utilizaci\u00f3n econ\u00f3mica y pol\u00ed\u00adtica que desde el sistema cisheteropatriarcal y capitalista de hace de nuestra opresi\u00f3n.<\/p>\n<p>A todas las personas que en alg\u00fan momento os hab\u00e9is sentido diferentes al resto, que la vida que llevabais no era la que quer\u00ed\u00adais vivir, a quienes hab\u00e9is sufrido siendo algo que no sois o simplemente ocultando vuestra verdadera identidad, a toda esa gente a la que trataron diferente por no entrar en lo que la sociedad considera lo normal, que soportasteis insultos, vejaciones y acoso. A todos, todas y todes que no sab\u00e9is que os ocurre pero os sent\u00ed\u00ads diferentes, no est\u00e1is solas, no os rind\u00e1is, sed quienes quer\u00e1is ser.<\/p>\n<p>Para ello estamos reuni\u00e9ndonos en asambleas abiertas, caminando juntes hacia un Orgullo que no sea nunca m\u00e1s d\u00f3cil, sumiso o agradecido.<\/p>\n<p>\u00a1Decimos basta a los suicidios y asesinatos que nos castigan por rares! Vamos a recuperar l hist\u00f3rica Revuelta de Stonewall, con la cual naci\u00f3 el 28 de Junio lleno de Orgullo, disidencia sexual e identidad callejera. Difunde y participa en las convocatorias!<\/p>\n<p>Contra el heteropatriarcado y el capitalismo, Orgullo cr\u00ed\u00adtico y combativo!<\/p>\n<p><strong>Asamblea Diversidad Combativa de Burgos<\/strong><\/p>\n<p>&nbsp;<\/p>\n","protected":false},"excerpt":{"rendered":"<p>Este 28 de junio, se celebra el d\u00ed\u00ada del Orgullo y por ello, reproducimos el comunicado y el cartel preparado por la Asamblea Diversidad Combativa Burgos de reciente creaci\u00f3n en la ciudad. Ese d\u00ed\u00ada habr\u00e1 diversas actividades culminando con una manifestaci\u00f3n a las 20h. desde el Cid.<\/p>\n","protected":false},"author":69,"featured_media":20236,"comment_status":"open","ping_status":"closed","sticky":false,"template":"","format":"standard","meta":[],"categories":[2,66],"tags":[],"_links":{"self":[{"href":"https:\/\/diariodevurgos.com\/dvwps\/wp-json\/wp\/v2\/posts\/20235"}],"collection":[{"href":"https:\/\/diariodevurgos.com\/dvwps\/wp-json\/wp\/v2\/posts"}],"about":[{"href":"https:\/\/diariodevurgos.com\/dvwps\/wp-json\/wp\/v2\/types\/post"}],"author":[{"embeddable":true,"href":"https:\/\/diariodevurgos.com\/dvwps\/wp-json\/wp\/v2\/users\/69"}],"replies":[{"embeddable":true,"href":"https:\/\/diariodevurgos.com\/dvwps\/wp-json\/wp\/v2\/comments?post=20235"}],"version-history":[{"count":6,"href":"https:\/\/diariodevurgos.com\/dvwps\/wp-json\/wp\/v2\/posts\/20235\/revisions"}],"predecessor-version":[{"id":20250,"href":"https:\/\/diariodevurgos.com\/dvwps\/wp-json\/wp\/v2\/posts\/20235\/revisions\/20250"}],"wp:featuredmedia":[{"embeddable":true,"href":"https:\/\/diariodevurgos.com\/dvwps\/wp-json\/wp\/v2\/media\/20236"}],"wp:attachment":[{"href":"https:\/\/diariodevurgos.com\/dvwps\/wp-json\/wp\/v2\/media?parent=20235"}],"wp:term":[{"taxonomy":"category","embeddable":true,"href":"https:\/\/diariodevurgos.com\/dvwps\/wp-json\/wp\/v2\/categories?post=20235"},{"taxonomy":"post_tag","embeddable":true,"href":"https:\/\/diariodevurgos.com\/dvwps\/wp-json\/wp\/v2\/tags?post=20235"}],"curies":[{"name":"wp","href":"https:\/\/api.w.org\/{rel}","templated":true}]}}