{"id":20251,"date":"2018-06-28T10:36:22","date_gmt":"2018-06-28T09:36:22","guid":{"rendered":"http:\/\/diariodevurgos.com\/dvwps\/?p=20251"},"modified":"2018-06-28T10:36:22","modified_gmt":"2018-06-28T09:36:22","slug":"manifestacion-por-el-orgullo-gay-combativo","status":"publish","type":"post","link":"https:\/\/diariodevurgos.com\/dvwps\/manifestacion-por-el-orgullo-gay-combativo.php","title":{"rendered":"Manifestaci\u00f3n por el orgullo gay combativo"},"content":{"rendered":"<p class=\"lead\">La asamblea por la<strong> Diversidad Combativa de Burgos<\/strong> ha organizado varias actividades para celebrar de forma combativa este<strong> 28 de junio<\/strong> el d\u00ed\u00ada del orgullo gay. Entre ellas destaca una manifestaci\u00f3n que tendr\u00e1 lugar esta misma tarde a partir de las <strong>20:00 horas<\/strong> que dar\u00e1 comienzo desde la <strong>Plaza del Cid.<\/strong><\/p>\n<p style=\"text-align: center;\"><img loading=\"lazy\" class=\"aligncenter  wp-image-20252\" src=\"http:\/\/diariodevurgos.com\/dvwps\/wp-content\/uploads\/2018\/06\/FB_IMG_1529921175352-1.jpg\" alt=\"\" width=\"412\" height=\"581\" srcset=\"https:\/\/diariodevurgos.com\/dvwps\/wp-content\/uploads\/2018\/06\/FB_IMG_1529921175352-1.jpg 597w, https:\/\/diariodevurgos.com\/dvwps\/wp-content\/uploads\/2018\/06\/FB_IMG_1529921175352-1-213x300.jpg 213w, https:\/\/diariodevurgos.com\/dvwps\/wp-content\/uploads\/2018\/06\/FB_IMG_1529921175352-1-370x522.jpg 370w\" sizes=\"(max-width: 412px) 100vw, 412px\" \/><\/p>\n","protected":false},"excerpt":{"rendered":"<p>La asamblea por la Diversidad Combativa de Burgos ha organizado varias actividades para celebrar de forma combativa este 28 de junio el d\u00ed\u00ada del orgullo gay. Entre ellas destaca una manifestaci\u00f3n que tendr\u00e1 lugar esta misma tarde a partir de las 20:00 horas que dar\u00e1 comienzo desde la Plaza del Cid.<\/p>\n","protected":false},"author":2,"featured_media":20252,"comment_status":"open","ping_status":"closed","sticky":false,"template":"","format":"standard","meta":[],"categories":[2,14,66],"tags":[],"_links":{"self":[{"href":"https:\/\/diariodevurgos.com\/dvwps\/wp-json\/wp\/v2\/posts\/20251"}],"collection":[{"href":"https:\/\/diariodevurgos.com\/dvwps\/wp-json\/wp\/v2\/posts"}],"about":[{"href":"https:\/\/diariodevurgos.com\/dvwps\/wp-json\/wp\/v2\/types\/post"}],"author":[{"embeddable":true,"href":"https:\/\/diariodevurgos.com\/dvwps\/wp-json\/wp\/v2\/users\/2"}],"replies":[{"embeddable":true,"href":"https:\/\/diariodevurgos.com\/dvwps\/wp-json\/wp\/v2\/comments?post=20251"}],"version-history":[{"count":1,"href":"https:\/\/diariodevurgos.com\/dvwps\/wp-json\/wp\/v2\/posts\/20251\/revisions"}],"predecessor-version":[{"id":20253,"href":"https:\/\/diariodevurgos.com\/dvwps\/wp-json\/wp\/v2\/posts\/20251\/revisions\/20253"}],"wp:featuredmedia":[{"embeddable":true,"href":"https:\/\/diariodevurgos.com\/dvwps\/wp-json\/wp\/v2\/media\/20252"}],"wp:attachment":[{"href":"https:\/\/diariodevurgos.com\/dvwps\/wp-json\/wp\/v2\/media?parent=20251"}],"wp:term":[{"taxonomy":"category","embeddable":true,"href":"https:\/\/diariodevurgos.com\/dvwps\/wp-json\/wp\/v2\/categories?post=20251"},{"taxonomy":"post_tag","embeddable":true,"href":"https:\/\/diariodevurgos.com\/dvwps\/wp-json\/wp\/v2\/tags?post=20251"}],"curies":[{"name":"wp","href":"https:\/\/api.w.org\/{rel}","templated":true}]}}