{"id":20605,"date":"2018-10-01T11:17:19","date_gmt":"2018-10-01T10:17:19","guid":{"rendered":"http:\/\/diariodevurgos.com\/dvwps\/?p=20605"},"modified":"2018-10-01T11:16:58","modified_gmt":"2018-10-01T10:16:58","slug":"nueva-huelga-de-hambre-en-las-carceles","status":"publish","type":"post","link":"https:\/\/diariodevurgos.com\/dvwps\/nueva-huelga-de-hambre-en-las-carceles.php","title":{"rendered":"Nueva huelga de hambre en las c\u00e1rceles"},"content":{"rendered":"<p class=\"lead\">Hoy 1 de octubre comienza una nueva huelga de hambre en las prisiones del estado espa\u00f1ol.<\/p>\n<p>El objetivo de esta huelga es la visibilizaci\u00f3n de la tabla de 12 puntos de reivindicaciones.<!--more--><\/p>\n<p>Hace tan s\u00f3lo 5 meses, el 1 de mayo, tuvo lugar otra huelga de hambre en las prisiones cuyo fin era el mismo que el de la que hoy comienza: la exigencia del cumplimiento de 12 puntos.<\/p>\n<p>Estas son las 12 reivindicaciones:<\/p>\n<ol>\n<li>El fin de las torturas, agresiones y tratos crueles, inhumanos y degradante y de la impunidad de lxs carcelerxs en su pr\u00e1ctica en todas las c\u00e1celes del estado espa\u00f1ol.<\/li>\n<li>La erradicaci\u00f3n de los FIES, abolici\u00f3n del llamado &#8220;r\u00e9gimen especial&#8221;\u009d de castigo, y cierre absoluto de los departamentos de aislamiento.<\/li>\n<li>Fin de la dispersi\u00f3n de lxs presxs.<\/li>\n<li>Que los servicios m\u00e9dicos no est\u00e9n adscritos a Instituciones penitenciarias, si no que sean independientes de ellas.<\/li>\n<li>La aplicaci\u00f3n inmediata de los art\u00ed\u00adculos 104.4 y 196 RP a todos lxs enfermxs cr\u00f3nicxs sin que existan requerimiento de que entren en fase terminal.<\/li>\n<li>Respecto a lxs enfermxs\u00a0 mentales exigimos que se les trate adecuadamente en lugares apropiados para ello y no en las c\u00e1rceles.<\/li>\n<li>Que los &#8220;programas&#8221;\u009d con metadona, tratamientos psiqui\u00e1tricos, etc. Vayan acompa\u00f1ados de grupos de apoyo, terapeutas, etc. Independientes de las IIPP.<\/li>\n<li>Que haya apertura de investigaci\u00f3n, esclarecimiento y delimitaci\u00f3n de responsabilidades por lxs compa\u00f1erxs muertxs en las c\u00e1rceles de estado espa\u00f1ol.<\/li>\n<li>Que las estructuras carcelarias abran sus aulas, talleres, gimnasios, etc. Accesos formativos y culturales a lxs presxs que tratan de &#8220;irrecuperables&#8221;\u009d<\/li>\n<li>Que los m\u00f3dulos de respeto no sean utilizados como escaparates.<\/li>\n<li>Que se deje de cachear integralmente a las familias y amistades visitantes.<\/li>\n<li>Exigimos a los juzgados, fuerzas de seguridad del estado y represorxs varixs que no criminalicen la solidaridad entre personas.<\/li>\n<\/ol>\n<p>Ninguna presa deber\u00ed\u00ada necesitar una huelga de hambre para reclamar esos puntos. La mayor\u00ed\u00ada de los mismos simplemente piden que se cumpla la legislaci\u00f3n que las meti\u00f3 presas.<\/p>\n<p>&nbsp;<\/p>\n<img loading=\"lazy\" width=\"724\" height=\"1024\" class=\"size-large wp-image-20609 aligncenter\" src=\"http:\/\/diariodevurgos.com\/dvwps\/wp-content\/uploads\/2018\/10\/huelga-724x1024.jpg\" alt=\"\" srcset=\"https:\/\/diariodevurgos.com\/dvwps\/wp-content\/uploads\/2018\/10\/huelga.jpg 724w, https:\/\/diariodevurgos.com\/dvwps\/wp-content\/uploads\/2018\/10\/huelga-212x300.jpg 212w, https:\/\/diariodevurgos.com\/dvwps\/wp-content\/uploads\/2018\/10\/huelga-370x523.jpg 370w\" sizes=\"(max-width: 724px) 100vw, 724px\" \/>\n<p>&nbsp;<\/p>\n","protected":false},"excerpt":{"rendered":"<p>Hoy 1 de octubre comienza una nueva huelga de hambre en las prisiones del estado espa\u00f1ol. El objetivo de esta huelga es la visibilizaci\u00f3n de la tabla de 12 puntos de reivindicaciones.<\/p>\n","protected":false},"author":67,"featured_media":20610,"comment_status":"open","ping_status":"closed","sticky":false,"template":"","format":"standard","meta":[],"categories":[22],"tags":[],"_links":{"self":[{"href":"https:\/\/diariodevurgos.com\/dvwps\/wp-json\/wp\/v2\/posts\/20605"}],"collection":[{"href":"https:\/\/diariodevurgos.com\/dvwps\/wp-json\/wp\/v2\/posts"}],"about":[{"href":"https:\/\/diariodevurgos.com\/dvwps\/wp-json\/wp\/v2\/types\/post"}],"author":[{"embeddable":true,"href":"https:\/\/diariodevurgos.com\/dvwps\/wp-json\/wp\/v2\/users\/67"}],"replies":[{"embeddable":true,"href":"https:\/\/diariodevurgos.com\/dvwps\/wp-json\/wp\/v2\/comments?post=20605"}],"version-history":[{"count":5,"href":"https:\/\/diariodevurgos.com\/dvwps\/wp-json\/wp\/v2\/posts\/20605\/revisions"}],"predecessor-version":[{"id":20612,"href":"https:\/\/diariodevurgos.com\/dvwps\/wp-json\/wp\/v2\/posts\/20605\/revisions\/20612"}],"wp:featuredmedia":[{"embeddable":true,"href":"https:\/\/diariodevurgos.com\/dvwps\/wp-json\/wp\/v2\/media\/20610"}],"wp:attachment":[{"href":"https:\/\/diariodevurgos.com\/dvwps\/wp-json\/wp\/v2\/media?parent=20605"}],"wp:term":[{"taxonomy":"category","embeddable":true,"href":"https:\/\/diariodevurgos.com\/dvwps\/wp-json\/wp\/v2\/categories?post=20605"},{"taxonomy":"post_tag","embeddable":true,"href":"https:\/\/diariodevurgos.com\/dvwps\/wp-json\/wp\/v2\/tags?post=20605"}],"curies":[{"name":"wp","href":"https:\/\/api.w.org\/{rel}","templated":true}]}}