{"id":20749,"date":"2018-11-04T19:39:44","date_gmt":"2018-11-04T18:39:44","guid":{"rendered":"http:\/\/diariodevurgos.com\/dvwps\/?p=20749"},"modified":"2018-11-04T19:44:50","modified_gmt":"2018-11-04T18:44:50","slug":"la-guerra-empieza-aqui-paremosla-aqui","status":"publish","type":"post","link":"https:\/\/diariodevurgos.com\/dvwps\/la-guerra-empieza-aqui-paremosla-aqui.php","title":{"rendered":"La guerra empieza aqu\u00ed\u00ad, par\u00e9mosla aqu\u00ed\u00ad"},"content":{"rendered":"<p class=\"lead\">Bajo este lema, durante la ma\u00f1ana de ayer, s\u00e1bado 3 de noviembre, se reunieron alrededor de 200 personas en el pueblo de Quintanilla Sobresierra donde se encuentra la empresa Expal que fabrica armas cuyo destino es la poblaci\u00f3n civil de muchos pa\u00ed\u00adses que en la actualidad se encuentran en guerra.<!--more-->Numerosas personas procedentes de Burgos, Asturias, Bilbao, Cantabria, Madrid y Valladolid se acercaron a esta peque\u00f1a localidad burgalesa para poner el foco de la protesta en el inicio de la cadena de montaje de las guerras. Desde esta empresa se exportan armas a Arabia Saudi y Emiratos \u00ed\u0081rabes que masacran a poblaci\u00f3n civil desamparada, como es el caso de Yemen.<\/p>\n<p>La denuncia empez\u00f3 horas antes frente a Subdelegaci\u00f3n de Gobierno, donde una treintena de personas convocadas por la Plataforma Burgos con las personas refugiadas, se congregaron para exigir al Gobierno que deje de ser c\u00f3mplice en el negocio de la muerte y que se comprometa a bloquear dichas exportaciones a estos pa\u00ed\u00adses. Posteriormente, se movilizaron en bicicleta desde el centro de la ciudad hasta el pueblo de Quintanilla Sobresierra, donde se ubica EXPAL (Grupo Maxam); en esta sede es donde se montan y rellenan de explosivo las bombas de aviaci\u00f3n y proyectiles de artiller\u00ed\u00ada que se venden a Arabia Saudita y Emiratos \u00ed\u0081rabes y que, embarcadas inicialmente en Bilbao y actualmente en Santander, llegan a la guerra del Yemen. Es importante se\u00f1alar que Castilla y Le\u00f3n lidera la venta de armas al exterior con operaciones por valor de 146,8 millones de euros.<\/p>\n<img loading=\"lazy\" width=\"300\" height=\"200\" class=\"size-medium wp-image-20750 aligncenter\" src=\"http:\/\/diariodevurgos.com\/dvwps\/wp-content\/uploads\/2018\/11\/7D0FA308-0842-EC91-0DD3BD01ED64A620-300x200.jpg\" alt=\"\" srcset=\"https:\/\/diariodevurgos.com\/dvwps\/wp-content\/uploads\/2018\/11\/7D0FA308-0842-EC91-0DD3BD01ED64A620-300x200.jpg 300w, https:\/\/diariodevurgos.com\/dvwps\/wp-content\/uploads\/2018\/11\/7D0FA308-0842-EC91-0DD3BD01ED64A620-370x247.jpg 370w, https:\/\/diariodevurgos.com\/dvwps\/wp-content\/uploads\/2018\/11\/7D0FA308-0842-EC91-0DD3BD01ED64A620.jpg 644w\" sizes=\"(max-width: 300px) 100vw, 300px\" \/>\n<p>A la 13.30 tuvo lugar la marcha desde el pueblo a la empresa, momento en el cual, las movilizadas en bici se juntaron con numerosas personas citadas para la ocasi\u00f3n. Una vez terminada la corta marcha a las rejas del recinto empresarial, en la plaza del pueblo, se leyeron numerosos textos de denuncia de lo que supone el negocio de la guerra, de sus consecuencias macabras y de la responsabilidad que tienen los gobiernos que comercializan con estos pa\u00ed\u00adses en guerra. Diversas personas de los colectivos concentrados se acercaron al micr\u00f3fono abierto para reflexionar conjuntamente sobre esta problem\u00e1tica.<\/p>\n<p>Desde las intervenciones realizadas, se emplaz\u00f3 a la gente a no dejar caer el olvido esta situaci\u00f3n y a seguir poniendo el foco en el negocio de la guerra que genera a partes iguales, intereses econ\u00f3micos para quienes gobiernan y sufrimiento para la poblaci\u00f3n civil en situaci\u00f3n b\u00e9lica. Interesante fue la intervenci\u00f3n del\u00a0 bombero bilba\u00ed\u00adno que se neg\u00f3 a cubrir la seguridad de un comboy de armas destinadas a Arabia Saud\u00ed\u00ad en marzo del a\u00f1o pasado, Ignacio Robles, donde invit\u00f3 a reflexionar sobre el falso dilema que el Gobierno ha orquestado sobre el conflicto laboral de C\u00e1diz. No se trata de plantear que\u00a0 se apuesta por el trabajo de ciento de familias o por exportar armas de precisi\u00f3n; lo que urge es proponer alternativas econ\u00f3micas y laborales para las plantillas de dichas f\u00e1bricas generando otros negocios como energ\u00ed\u00adas renovables y que desparezcan estos negocios que se lucran con el sufrimiento ajeno.<\/p>\n<p>Tambi\u00e9n hubo numerosas intervenciones con lectura de poemas. Entre otros, se ley\u00f3 el que a continuaci\u00f3n reproducimos de una compa\u00f1era.<\/p>\n<p style=\"text-align: center;\"><strong>SPA<\/strong><\/p>\n<p style=\"text-align: center;\">T\u00fa eras inocente,<\/p>\n<p style=\"text-align: center;\">no los viste saltando<\/p>\n<p style=\"text-align: center;\">la valla en avalancha,<\/p>\n<p style=\"text-align: center;\">no viste c\u00f3mo su piel<\/p>\n<p style=\"text-align: center;\">se agarraba a las concertinas,<\/p>\n<p style=\"text-align: center;\">c\u00f3mo se deshilachaba en huida<\/p>\n<p style=\"text-align: center;\">hacia el espanto,<\/p>\n<p style=\"text-align: center;\">m\u00e1s all\u00e1 de los crematorios,<\/p>\n<p style=\"text-align: center;\">lejos de los drones.<\/p>\n<p style=\"text-align: center;\">T\u00fa eras inocente,<\/p>\n<p style=\"text-align: center;\">\u00bfc\u00f3mo pod\u00ed\u00adas t\u00fa saber<\/p>\n<p style=\"text-align: center;\">que era la sangre de Okili<\/p>\n<p style=\"text-align: center;\">el l\u00ed\u00adquido caliente que rezumaba<\/p>\n<p style=\"text-align: center;\">tu carpeta de contactos<\/p>\n<p style=\"text-align: center;\">y anegaba tus grupos de <em>whatsapp<\/em>?<\/p>\n<p style=\"text-align: center;\">T\u00fa eras inocente,<\/p>\n<p style=\"text-align: center;\">t\u00fa solo apretabas la tuerca<\/p>\n<p style=\"text-align: center;\">contra el tornillo y era la m\u00e1quina<\/p>\n<p style=\"text-align: center;\">la que giraba y giraba,<\/p>\n<p style=\"text-align: center;\">la que accionaba el dispositivo,<\/p>\n<p style=\"text-align: center;\">la que amasaba el barro,<\/p>\n<p style=\"text-align: center;\">las cenizas, las l\u00e1grimas.<\/p>\n<p style=\"text-align: center;\">T\u00fa, dentro de tu ba\u00f1era impoluta,<\/p>\n<p style=\"text-align: center;\">\u00bfc\u00f3mo lo ibas a saber?<\/p>\n<p style=\"text-align: center;\"><strong>Amalia Garc\u00ed\u00ada Fuertes<\/strong><\/p>\n<p>La jornada de denuncia p\u00fablica finaliz\u00f3\u00a0 con una comida popular que disfrutaron vecinas y activistas en un ambiente alegre y reivindicativo.<\/p>\n<p>&nbsp;<\/p>\n","protected":false},"excerpt":{"rendered":"<p>Bajo este lema, durante la ma\u00f1ana de ayer, s\u00e1bado 3 de noviembre, se reunieron alrededor de 200 personas en el pueblo de Quintanilla Sobresierra donde se encuentra la empresa Expal que fabrica armas cuyo destino es la poblaci\u00f3n civil de muchos pa\u00ed\u00adses que en la actualidad se encuentran en guerra.<\/p>\n","protected":false},"author":69,"featured_media":20751,"comment_status":"open","ping_status":"closed","sticky":false,"template":"","format":"standard","meta":[],"categories":[69,2,64],"tags":[],"_links":{"self":[{"href":"https:\/\/diariodevurgos.com\/dvwps\/wp-json\/wp\/v2\/posts\/20749"}],"collection":[{"href":"https:\/\/diariodevurgos.com\/dvwps\/wp-json\/wp\/v2\/posts"}],"about":[{"href":"https:\/\/diariodevurgos.com\/dvwps\/wp-json\/wp\/v2\/types\/post"}],"author":[{"embeddable":true,"href":"https:\/\/diariodevurgos.com\/dvwps\/wp-json\/wp\/v2\/users\/69"}],"replies":[{"embeddable":true,"href":"https:\/\/diariodevurgos.com\/dvwps\/wp-json\/wp\/v2\/comments?post=20749"}],"version-history":[{"count":5,"href":"https:\/\/diariodevurgos.com\/dvwps\/wp-json\/wp\/v2\/posts\/20749\/revisions"}],"predecessor-version":[{"id":20756,"href":"https:\/\/diariodevurgos.com\/dvwps\/wp-json\/wp\/v2\/posts\/20749\/revisions\/20756"}],"wp:featuredmedia":[{"embeddable":true,"href":"https:\/\/diariodevurgos.com\/dvwps\/wp-json\/wp\/v2\/media\/20751"}],"wp:attachment":[{"href":"https:\/\/diariodevurgos.com\/dvwps\/wp-json\/wp\/v2\/media?parent=20749"}],"wp:term":[{"taxonomy":"category","embeddable":true,"href":"https:\/\/diariodevurgos.com\/dvwps\/wp-json\/wp\/v2\/categories?post=20749"},{"taxonomy":"post_tag","embeddable":true,"href":"https:\/\/diariodevurgos.com\/dvwps\/wp-json\/wp\/v2\/tags?post=20749"}],"curies":[{"name":"wp","href":"https:\/\/api.w.org\/{rel}","templated":true}]}}