{"id":20770,"date":"2018-11-07T11:45:18","date_gmt":"2018-11-07T10:45:18","guid":{"rendered":"http:\/\/diariodevurgos.com\/dvwps\/?p=20770"},"modified":"2018-11-06T22:56:30","modified_gmt":"2018-11-06T21:56:30","slug":"inaguracion-de-la-exposicion-contra-la-represion-y-la-censura","status":"publish","type":"post","link":"https:\/\/diariodevurgos.com\/dvwps\/inaguracion-de-la-exposicion-contra-la-represion-y-la-censura.php","title":{"rendered":"Inaguraci\u00f3n de la exposici\u00f3n &#8220;Contra la represi\u00f3n y la censura&#8221;"},"content":{"rendered":"<p class=\"lead\">El s\u00e1bado 10 de noviembre se inagura la exposici\u00f3n &#8220;Contra la rpresi\u00f3n y la censura&#8221;<img loading=\"lazy\" width=\"212\" height=\"300\" class=\"alignleft size-medium wp-image-20771\" src=\"http:\/\/diariodevurgos.com\/dvwps\/wp-content\/uploads\/2018\/11\/IMG-20181106-WA0009-copia-212x300.jpg\" alt=\"\" srcset=\"https:\/\/diariodevurgos.com\/dvwps\/wp-content\/uploads\/2018\/11\/IMG-20181106-WA0009-copia-212x300.jpg 212w, https:\/\/diariodevurgos.com\/dvwps\/wp-content\/uploads\/2018\/11\/IMG-20181106-WA0009-copia.jpg 724w, https:\/\/diariodevurgos.com\/dvwps\/wp-content\/uploads\/2018\/11\/IMG-20181106-WA0009-copia-370x523.jpg 370w\" sizes=\"(max-width: 212px) 100vw, 212px\" \/> enmarcada en las jornadas&#8221; Burgos por la libertad&#8221; que se desarrollan durante estos meses en Burgos. La exposici\u00f3n estar\u00e1 abierta desde este s\u00e1bado a las 20 horas en el Espacio tangente (C\/Valentin Jal\u00f3n) y se clausurar\u00e1 el 14 de diciembre.<\/p>\n","protected":false},"excerpt":{"rendered":"<p>El s\u00e1bado 10 de noviembre se inagura la exposici\u00f3n &#8220;Contra la rpresi\u00f3n y la censura&#8221; enmarcada en las jornadas&#8221; Burgos por la libertad&#8221; que se desarrollan durante estos meses en Burgos. La exposici\u00f3n estar\u00e1 abierta desde este s\u00e1bado a las 20 horas en el Espacio tangente (C\/Valentin Jal\u00f3n) y se clausurar\u00e1 el 14 de diciembre.<\/p>\n","protected":false},"author":8,"featured_media":20771,"comment_status":"open","ping_status":"closed","sticky":false,"template":"","format":"standard","meta":[],"categories":[2,14,17],"tags":[],"_links":{"self":[{"href":"https:\/\/diariodevurgos.com\/dvwps\/wp-json\/wp\/v2\/posts\/20770"}],"collection":[{"href":"https:\/\/diariodevurgos.com\/dvwps\/wp-json\/wp\/v2\/posts"}],"about":[{"href":"https:\/\/diariodevurgos.com\/dvwps\/wp-json\/wp\/v2\/types\/post"}],"author":[{"embeddable":true,"href":"https:\/\/diariodevurgos.com\/dvwps\/wp-json\/wp\/v2\/users\/8"}],"replies":[{"embeddable":true,"href":"https:\/\/diariodevurgos.com\/dvwps\/wp-json\/wp\/v2\/comments?post=20770"}],"version-history":[{"count":1,"href":"https:\/\/diariodevurgos.com\/dvwps\/wp-json\/wp\/v2\/posts\/20770\/revisions"}],"predecessor-version":[{"id":20772,"href":"https:\/\/diariodevurgos.com\/dvwps\/wp-json\/wp\/v2\/posts\/20770\/revisions\/20772"}],"wp:featuredmedia":[{"embeddable":true,"href":"https:\/\/diariodevurgos.com\/dvwps\/wp-json\/wp\/v2\/media\/20771"}],"wp:attachment":[{"href":"https:\/\/diariodevurgos.com\/dvwps\/wp-json\/wp\/v2\/media?parent=20770"}],"wp:term":[{"taxonomy":"category","embeddable":true,"href":"https:\/\/diariodevurgos.com\/dvwps\/wp-json\/wp\/v2\/categories?post=20770"},{"taxonomy":"post_tag","embeddable":true,"href":"https:\/\/diariodevurgos.com\/dvwps\/wp-json\/wp\/v2\/tags?post=20770"}],"curies":[{"name":"wp","href":"https:\/\/api.w.org\/{rel}","templated":true}]}}