{"id":20941,"date":"2018-12-12T11:00:47","date_gmt":"2018-12-12T10:00:47","guid":{"rendered":"http:\/\/diariodevurgos.com\/dvwps\/?p=20941"},"modified":"2018-12-11T17:18:22","modified_gmt":"2018-12-11T16:18:22","slug":"entrevista-companera-perteneciente-a-grupo-de-apoyo-a-presos","status":"publish","type":"post","link":"https:\/\/diariodevurgos.com\/dvwps\/entrevista-companera-perteneciente-a-grupo-de-apoyo-a-presos.php","title":{"rendered":"Entrevista compa\u00f1era perteneciente a grupo de apoyo a presos"},"content":{"rendered":"<p class=\"lead\">Este a\u00f1o ha sido un a\u00f1o en el que las personas presas han realizado diversos ayunos y hasta 3 huelgas de hambre por la <a href=\"http:\/\/tokata.info\/wp-content\/uploads\/2016\/12\/definitivo_2.jpg\">reivindicaci\u00f3n de 12 puntos<\/a>.<\/p>\n<p>Con motivo de esta nueva huelga este medio ha querido entrevistar a una compa\u00f1era perteneciente a un grupo de apoyo a presos.<\/p>\n<p><!--more--><\/p>\n<img loading=\"lazy\" class=\"aligncenter wp-image-20610 size-full\" src=\"http:\/\/diariodevurgos.com\/dvwps\/wp-content\/uploads\/2018\/10\/huelga2.jpg\" alt=\"\" width=\"300\" height=\"428\" srcset=\"https:\/\/diariodevurgos.com\/dvwps\/wp-content\/uploads\/2018\/10\/huelga2.jpg 300w, https:\/\/diariodevurgos.com\/dvwps\/wp-content\/uploads\/2018\/10\/huelga2-210x300.jpg 210w\" sizes=\"(max-width: 300px) 100vw, 300px\" \/>\n<p>&nbsp;<\/p>\n<p><strong>Si pudi\u00e9ramos pasear por una c\u00e1rcel del estado, \u00bfcon qu\u00e9 perfil de presos nos entrar\u00ed\u00adamos?<\/strong><\/p>\n<p>La c\u00e1rcel est\u00e1 llena de pobres y no, no es un topicazo. Seg\u00fan el Informe General de la Secretar\u00ed\u00ada General de IIPP del a\u00f1o 2016, de los 47.173 presos varones, casi 17.000 lo est\u00e1n por delitos contra el patrimonio y orden socio-econ\u00f3mico, o sea, por robar y otros 10.000 por delitos contra la salud p\u00fablica, es decir, por traficar. El caso de las mujeres es a\u00fan m\u00e1s evidente. 3.856 presas, de las cuales 1.396 lo est\u00e1n por tr\u00e1fico y 1.250 por robo. Este binomio, robar-traficar, no es casual. Antes de entrar en prisi\u00f3n un buen n\u00famero reconoce ser politoxic\u00f3man@, para consumir se roba y trapichea, mayoritariamente. En definitiva, la poblaci\u00f3n reclusa es m\u00e1s pobre que la poblaci\u00f3n general, con un nivel socio-cultural bajo y graves problemas mentales relacionados con el consumo de drogas.<\/p>\n<p><strong>Si comparamos el n\u00famero de personas presas en el estado con las del resto de la Uni\u00f3n Europea podemos ver como aqu\u00ed\u00ad es m\u00e1s elevado el n\u00famero. \u00bfTenemos un mayor alto \u00ed\u00adndice de delincuencia?<\/strong><\/p>\n<p>Las estad\u00ed\u00adsticas desmienten que haya subido el \u00ed\u00adndice de delincuencia. El Estado espa\u00f1ol figura entre aquellos pa\u00ed\u00adses de la UE con las tasas m\u00e1s bajas de criminalidad y mayor porcentaje de pres@s por cada 100.000 habitantes. Los primeros puestos los ocupan algunos pa\u00ed\u00adses b\u00e1lticos. Esta situaci\u00f3n se explica por el endurecimiento progresivo del C\u00f3digo Penal, sobre todo a partir de su \u00faltima reforma en 2015, as\u00ed\u00ad como por la desaparici\u00f3n de todos aquellos beneficios de que gozaban l@s pres@s no hace tantos a\u00f1os, tales como la redenci\u00f3n de penas por trabajo, permisos, libertad condicional&#8230;Es una verg\u00ed\u00bcenza que haya personas que sigan en la c\u00e1rcel a pesar de haber cumplido de largo sus condenas. \u00bfA qu\u00e9 esperan para ponerles en libertad? \u00bfY qu\u00e9 hay de l@s pres@s con enfermedades incurables y a punto de morir? \u00bfY de l@s mayores? \u00bfPor qu\u00e9 IIPP se niega a cumplir sus propias reglas?<\/p>\n<p><strong>Antes de la creaci\u00f3n de las macro-c\u00e1rceles las c\u00e1rceles estaban en el interior de las ciudades, \u00bfqu\u00e9 opini\u00f3n tienes tu acerca de este movimiento de las c\u00e1rceles a las afueras de las ciudades rodeadas de nada? \u00bfEn qu\u00e9 ha podido influir de cara a la visi\u00f3n que la sociedad tiene de los presos?<\/strong><\/p>\n<p>No s\u00e9 si hay una relaci\u00f3n directa entre la construcci\u00f3n de macro-c\u00e1rceles en medio de la nada y la imagen que actualmente se tiene de l@s pres@s sociales. Nunca tuvieron buena prensa pero la cercan\u00ed\u00ada de familiares y amigos y un contacto mayor con el exterior proporcionaba un mayor apego, unas relaciones m\u00e1s humanas, tan necesarias para la tan cacareada reinserci\u00f3n, para conservar la autoestima, la dignidad. La presencia de la c\u00e1rcel te hace reparar en sus pres@s, incluso pueden captar la atenci\u00f3n de aquell@s para quienes son invisibles. Alejad@s de los n\u00facleos de poblaci\u00f3n, con un silencio sepulcral en torno a lo que acontece all\u00ed\u00ad dentro y como \u00fanica referencia, lo que de ell@s se relata a trav\u00e9s de los medios, v\u00ed\u00ada ministerio del interior, dan como resultado esa mezcla de desinter\u00e9s, olvido, cosificaci\u00f3n&#8230;La mierda que se genera es mejor guardarla bajo la alfombra.<\/p>\n<p><strong>\u00bfC\u00f3mo influye para la salud de las personas presas el hecho de que el servcio m\u00e9dico no sea independiente de instituciones penitenciaria?<\/strong><\/p>\n<p>Es evidente que la c\u00e1rcel tiene como objetivo principal custodiar a l@s pres@s, la asistencia sanitaria queda en un segundo plano. Hace poco se ha publicado un estudio titulado &#8221; Deontolog\u00ed\u00ada profesional y ejercicio m\u00e9dico en prisiones&#8221; Se trata de una encuesta a la que han respondido 118 m\u00e9dicos de 49 C.P de 16 CCAA, solo el 28% del total de 412 m\u00e9dicos. A la pregunta de cu\u00e1les son los principales problemas \u00e9ticos que encuentran en el desempe\u00f1o de su profesi\u00f3n, responden que la imposici\u00f3n administrativa, en plata, que obedecen \u00f3rdenes de la direcci\u00f3n del talego, le sigue el quebrantamiento del secreto m\u00e9dico pues todas las visitas se hacen en presencia de carceler@s, mader@s, picolet@s..,la imposici\u00f3n de tratamientos forzosos, la alimentaci\u00f3n forzosa durante huelgas de hambre, problemas con la industria farmac\u00e9utica&#8230;<br \/>\nDenuncian presiones, es el llamado conflicto de doble fidelidad que casi siempre se resuelve en favor de la instituci\u00f3n. \u00bfAcaso no participan en la aplicaci\u00f3n de medidas disciplinarias, algunas tan aberrantes como atar a l@s pres@s? \u00bfPor qu\u00e9 se les niega sistem\u00e1ticamente los partes de lesiones cuando presentan denuncias por torturas? \u00bfPor qu\u00e9 no respetan las decisiones del &#8220;paciente&#8221;? En definitiva, que prima la seguridad por encima de todo. Si a esto se suma la grav\u00ed\u00adsima situaci\u00f3n asistencial porque no reponen a l@s m\u00e9dicos que faltan en todas las c\u00e1rceles, se puede concluir que la IIPP no est\u00e1 capacitada para prestar esta atenci\u00f3n y que va siendo hora de que empiecen a ser atendid@s como el resto de los mortales por el Sistema Nacional de Salud.<\/p>\n<p><strong>\u00bfQu\u00e9 repercusi\u00f3n tiene para un preso el hecho de decidir secundar la huelga de hambre?\u00bfLe supone problemas en el interior de la prisi\u00f3n?<\/strong><\/p>\n<p>Claro que les afecta participar en las huelgas de hambre. Adem\u00e1s del deterioro que supone someterse a ayunos salvajes, sufren todo tipo de represalias por parte de la direcci\u00f3n del Centro, a la que dan cuenta de la decisi\u00f3n que han adoptado y las razones que les empujan a secundarla, y por parte de l@s carceler@s que no toleran iniciativa alguna que no sea el estricto cumplimiento de sus \u00f3rdenes. Si hay algo que no se perdona en la prisi\u00f3n es que la gente decida por si misma.<\/p>\n<p><strong>\u00bfQu\u00e9 podemos hacer para apoyar la huelga de presos en lucha?<\/strong><br \/>\nLo primero y m\u00e1s importante en lo concreto es apoyar con todas las herramientas que tenemos a nuestra alcance esta huelga. Difundirla en medios como este, sacar material escrito sobre las reivindicaciones de las personas en huelga, hablar de ello en nuestros entornos con debates, charlas y encuentros y mantenernos todas informadas de como se desarrolla esta tercera huelga a trav\u00e9s de medios como <a href=\"http:\/\/tokata.info\/\">tokata.info<\/a><br \/>\nTambi\u00e9n podemos escribir a las personas en huelga de hambre para transmitirles nuestro apoyo y que sientan que fuera de los muros de las prisiones no est\u00e1n solas en esta lucha.<br \/>\nDesde varios colectivos y ciudades del estado hay convocadas diversas acciones de visibilizaci\u00f3n y apoyo a esta lucha, podemos informarnos y acudir a ellas y sobretodo es importante romper el muro del aislamiento y la opacidad que pretenden las c\u00e1rceles, acord\u00e1ndonos mas all\u00e1 de esta huelga de todas las personas presas y sus familias que sufren esta represi\u00f3n cada d\u00ed\u00ada.<br \/>\nLos motivos de esta tercera huelga de hambre, son de justicia. No ya de la nuestra, si no de la suya, la del estado que ni siquiera cumple con los derechos m\u00ed\u00adnimos que cualquier persona tiene. Ante cualquier injusticia de este sistema debemos responder desde la solidaridad activa y colectiva, por eso la campa\u00f1a de apoyo a los presos en lucha decimos &#8220;que la solidaridad traspase los muros&#8221;<\/p>\n<p>&nbsp;<\/p>\n<p>A continuaci\u00f3n pod\u00e9is encontrar informaci\u00f3n sobre diversas actividades con motivo de esta huelga de hambre.<\/p>\n<p>&nbsp;<\/p>\n<img loading=\"lazy\" class=\"alignnone wp-image-20942 size-medium\" src=\"http:\/\/diariodevurgos.com\/dvwps\/wp-content\/uploads\/2018\/12\/actividades-212x300.jpeg\" alt=\"\" width=\"212\" height=\"300\" srcset=\"https:\/\/diariodevurgos.com\/dvwps\/wp-content\/uploads\/2018\/12\/actividades-212x300.jpeg 212w, https:\/\/diariodevurgos.com\/dvwps\/wp-content\/uploads\/2018\/12\/actividades-370x523.jpeg 370w, https:\/\/diariodevurgos.com\/dvwps\/wp-content\/uploads\/2018\/12\/actividades.jpeg 566w\" sizes=\"(max-width: 212px) 100vw, 212px\" \/>\u00a0<img loading=\"lazy\" width=\"225\" height=\"300\" class=\"alignnone size-medium wp-image-20943\" src=\"http:\/\/diariodevurgos.com\/dvwps\/wp-content\/uploads\/2018\/12\/concentracion-225x300.jpeg\" alt=\"\" srcset=\"https:\/\/diariodevurgos.com\/dvwps\/wp-content\/uploads\/2018\/12\/concentracion-225x300.jpeg 225w, https:\/\/diariodevurgos.com\/dvwps\/wp-content\/uploads\/2018\/12\/concentracion-370x493.jpeg 370w, https:\/\/diariodevurgos.com\/dvwps\/wp-content\/uploads\/2018\/12\/concentracion.jpeg 600w\" sizes=\"(max-width: 225px) 100vw, 225px\" \/>\n<p>&nbsp;<\/p>\n<img loading=\"lazy\" width=\"212\" height=\"300\" class=\"alignnone size-medium wp-image-20944\" src=\"http:\/\/diariodevurgos.com\/dvwps\/wp-content\/uploads\/2018\/12\/mani-212x300.jpg\" alt=\"\" srcset=\"https:\/\/diariodevurgos.com\/dvwps\/wp-content\/uploads\/2018\/12\/mani-212x300.jpg 212w, https:\/\/diariodevurgos.com\/dvwps\/wp-content\/uploads\/2018\/12\/mani-370x524.jpg 370w, https:\/\/diariodevurgos.com\/dvwps\/wp-content\/uploads\/2018\/12\/mani.jpg 678w\" sizes=\"(max-width: 212px) 100vw, 212px\" \/><img loading=\"lazy\" width=\"212\" height=\"300\" class=\"alignnone size-medium wp-image-20945\" src=\"http:\/\/diariodevurgos.com\/dvwps\/wp-content\/uploads\/2018\/12\/marcha-212x300.jpg\" alt=\"\" srcset=\"https:\/\/diariodevurgos.com\/dvwps\/wp-content\/uploads\/2018\/12\/marcha-212x300.jpg 212w, https:\/\/diariodevurgos.com\/dvwps\/wp-content\/uploads\/2018\/12\/marcha.jpg 226w\" sizes=\"(max-width: 212px) 100vw, 212px\" \/>\n","protected":false},"excerpt":{"rendered":"<p>Este a\u00f1o ha sido un a\u00f1o en el que las personas presas han realizado diversos ayunos y hasta 3 huelgas de hambre por la reivindicaci\u00f3n de 12 puntos. Con motivo de esta nueva huelga este medio ha querido entrevistar a una compa\u00f1era perteneciente a un grupo de apoyo a presos.<\/p>\n","protected":false},"author":67,"featured_media":20947,"comment_status":"open","ping_status":"closed","sticky":false,"template":"","format":"standard","meta":[],"categories":[22,49,17],"tags":[],"_links":{"self":[{"href":"https:\/\/diariodevurgos.com\/dvwps\/wp-json\/wp\/v2\/posts\/20941"}],"collection":[{"href":"https:\/\/diariodevurgos.com\/dvwps\/wp-json\/wp\/v2\/posts"}],"about":[{"href":"https:\/\/diariodevurgos.com\/dvwps\/wp-json\/wp\/v2\/types\/post"}],"author":[{"embeddable":true,"href":"https:\/\/diariodevurgos.com\/dvwps\/wp-json\/wp\/v2\/users\/67"}],"replies":[{"embeddable":true,"href":"https:\/\/diariodevurgos.com\/dvwps\/wp-json\/wp\/v2\/comments?post=20941"}],"version-history":[{"count":9,"href":"https:\/\/diariodevurgos.com\/dvwps\/wp-json\/wp\/v2\/posts\/20941\/revisions"}],"predecessor-version":[{"id":20973,"href":"https:\/\/diariodevurgos.com\/dvwps\/wp-json\/wp\/v2\/posts\/20941\/revisions\/20973"}],"wp:featuredmedia":[{"embeddable":true,"href":"https:\/\/diariodevurgos.com\/dvwps\/wp-json\/wp\/v2\/media\/20947"}],"wp:attachment":[{"href":"https:\/\/diariodevurgos.com\/dvwps\/wp-json\/wp\/v2\/media?parent=20941"}],"wp:term":[{"taxonomy":"category","embeddable":true,"href":"https:\/\/diariodevurgos.com\/dvwps\/wp-json\/wp\/v2\/categories?post=20941"},{"taxonomy":"post_tag","embeddable":true,"href":"https:\/\/diariodevurgos.com\/dvwps\/wp-json\/wp\/v2\/tags?post=20941"}],"curies":[{"name":"wp","href":"https:\/\/api.w.org\/{rel}","templated":true}]}}