{"id":20991,"date":"2018-12-15T14:07:41","date_gmt":"2018-12-15T13:07:41","guid":{"rendered":"http:\/\/diariodevurgos.com\/dvwps\/?p=20991"},"modified":"2018-12-17T00:08:02","modified_gmt":"2018-12-16T23:08:02","slug":"podcast-de-la-cobertura-radiofonica-del-xvi-encuentro-del-libro-anarquista-de-madrid","status":"publish","type":"post","link":"https:\/\/diariodevurgos.com\/dvwps\/podcast-de-la-cobertura-radiofonica-del-xvi-encuentro-del-libro-anarquista-de-madrid.php","title":{"rendered":"Podcast de la cobertura radiof\u00f3nica del XVI Encuentro del Libro Anarquista de Madrid"},"content":{"rendered":"<p class=\"lead\">Ya est\u00e1 disponible el podcast de la cobertura radiof\u00f3nica del <strong>XVI Encuentro del Libro Anarquista de Madrid<\/strong> a trav\u00e9s del blog de <a href=\"https:\/\/ondaexpansiva.net\/cobertura-radiofonica-del-xvi-encuentro-del-libro-anarquista-de-madrid\/\">Radio Onda Expansiva<\/a>. Un programa donde recogen entrevistas con diversos colectivos editoriales presentes en la pasada edici\u00f3n del Encuentro del Libro Anarquista.<!--more--><\/p>\n<p style=\"text-align: center;\"><img loading=\"lazy\" width=\"1024\" height=\"370\" class=\"aligncenter size-large wp-image-20992\" src=\"http:\/\/diariodevurgos.com\/dvwps\/wp-content\/uploads\/2018\/12\/Banner-web-1-1024x370-1-1024x370.jpg\" alt=\"\" srcset=\"https:\/\/diariodevurgos.com\/dvwps\/wp-content\/uploads\/2018\/12\/Banner-web-1-1024x370-1.jpg 1024w, https:\/\/diariodevurgos.com\/dvwps\/wp-content\/uploads\/2018\/12\/Banner-web-1-1024x370-1-300x108.jpg 300w, https:\/\/diariodevurgos.com\/dvwps\/wp-content\/uploads\/2018\/12\/Banner-web-1-1024x370-1-768x278.jpg 768w, https:\/\/diariodevurgos.com\/dvwps\/wp-content\/uploads\/2018\/12\/Banner-web-1-1024x370-1-370x134.jpg 370w\" sizes=\"(max-width: 1024px) 100vw, 1024px\" \/><\/p>\n","protected":false},"excerpt":{"rendered":"<p>Ya est\u00e1 disponible el podcast de la cobertura radiof\u00f3nica del XVI Encuentro del Libro Anarquista de Madrid a trav\u00e9s del blog de Radio Onda Expansiva. Un programa donde recogen entrevistas con diversos colectivos editoriales presentes en la pasada edici\u00f3n del Encuentro del Libro Anarquista.<\/p>\n","protected":false},"author":2,"featured_media":20992,"comment_status":"open","ping_status":"closed","sticky":false,"template":"","format":"standard","meta":[],"categories":[112,23],"tags":[],"_links":{"self":[{"href":"https:\/\/diariodevurgos.com\/dvwps\/wp-json\/wp\/v2\/posts\/20991"}],"collection":[{"href":"https:\/\/diariodevurgos.com\/dvwps\/wp-json\/wp\/v2\/posts"}],"about":[{"href":"https:\/\/diariodevurgos.com\/dvwps\/wp-json\/wp\/v2\/types\/post"}],"author":[{"embeddable":true,"href":"https:\/\/diariodevurgos.com\/dvwps\/wp-json\/wp\/v2\/users\/2"}],"replies":[{"embeddable":true,"href":"https:\/\/diariodevurgos.com\/dvwps\/wp-json\/wp\/v2\/comments?post=20991"}],"version-history":[{"count":1,"href":"https:\/\/diariodevurgos.com\/dvwps\/wp-json\/wp\/v2\/posts\/20991\/revisions"}],"predecessor-version":[{"id":20993,"href":"https:\/\/diariodevurgos.com\/dvwps\/wp-json\/wp\/v2\/posts\/20991\/revisions\/20993"}],"wp:featuredmedia":[{"embeddable":true,"href":"https:\/\/diariodevurgos.com\/dvwps\/wp-json\/wp\/v2\/media\/20992"}],"wp:attachment":[{"href":"https:\/\/diariodevurgos.com\/dvwps\/wp-json\/wp\/v2\/media?parent=20991"}],"wp:term":[{"taxonomy":"category","embeddable":true,"href":"https:\/\/diariodevurgos.com\/dvwps\/wp-json\/wp\/v2\/categories?post=20991"},{"taxonomy":"post_tag","embeddable":true,"href":"https:\/\/diariodevurgos.com\/dvwps\/wp-json\/wp\/v2\/tags?post=20991"}],"curies":[{"name":"wp","href":"https:\/\/api.w.org\/{rel}","templated":true}]}}