{"id":21133,"date":"2019-01-30T12:34:20","date_gmt":"2019-01-30T11:34:20","guid":{"rendered":"http:\/\/diariodevurgos.com\/dvwps\/?p=21133"},"modified":"2019-02-05T16:26:01","modified_gmt":"2019-02-05T15:26:01","slug":"que-pasaria-si-las-empleadas-domesticas-hicieran-huelga","status":"publish","type":"post","link":"https:\/\/diariodevurgos.com\/dvwps\/que-pasaria-si-las-empleadas-domesticas-hicieran-huelga.php","title":{"rendered":"\u00bfQu\u00e9 pasar\u00ed\u00ada si las empleadas dom\u00e9sticas hicieran huelga?"},"content":{"rendered":"<p class=\"lead\">Desde la <strong>Asamblea 8MBurgos<\/strong>, ya se est\u00e1n preparando acciones para organizar la huelga que tendr\u00e1 lugar el pr\u00f3ximo 8 de marzo.<\/p>\n<p>Para empezar con la campa\u00f1a de difusi\u00f3n y debate han organizado una proyecci\u00f3n del documental <strong>&#8220;Cuidado, resbala&#8221;<\/strong> del Colectivo C\u00ed\u00adrculo de mujeres de M\u00e1laga y\u00a0 realizado por Mar\u00ed\u00ada Camacho, Montserrat Clos, Mercedes Cordero, Vanessa G\u00f3mez, Leonor Jim\u00e9nez, Nadia <strong>Ruiz<\/strong> y Carolina Su\u00e1rez, se acerca a la realidad vital y laboral de las llamadas empleadas del hogar.<\/p>\n<p>Se aborda un tema principal como son los cuidados y por ello, en el debate se pretende reflexionar sobre su importancia y valor estrat\u00e9gico dentro de nuestras sociedades, dando el m\u00e1ximo sentido a una frase que aparece en el documental: <strong>sin cuidados no hay vida, y sin vida no hay pol\u00ed\u00adtica, ni mercados, ni deuda externa, ni crisis&#8230; Absolutamente nada<\/strong>.<\/p>\n<p>El documental se proyectar\u00e1 el pr\u00f3ximo mi\u00e9rcoles 6 de febrero a las 19:00 en el Espacio Tangente y la asamblea de preparaci\u00f3n a la huelga se realiza todos los lunes a las 19.30 en el sal\u00f3n de actos de sindicatos. <strong>\u00a1An\u00ed\u00admate a participar y a construir entre todas un d\u00ed\u00ada de lucha colectiva que sea el inicio de algo m\u00e1s grande!<\/strong><\/p>\n","protected":false},"excerpt":{"rendered":"<p>Desde la Asamblea 8MBurgos, ya se est\u00e1n preparando acciones para organizar la huelga que tendr\u00e1 lugar el pr\u00f3ximo 8 de marzo. Para empezar con la campa\u00f1a de difusi\u00f3n y debate han organizado una proyecci\u00f3n del documental &#8220;Cuidado, resbala&#8221; del Colectivo C\u00ed\u00adrculo de mujeres de M\u00e1laga y\u00a0 realizado por Mar\u00ed\u00ada Camacho, Montserrat Clos, Mercedes Cordero, Vanessa&#8230;  <a href=\"https:\/\/diariodevurgos.com\/dvwps\/que-pasaria-si-las-empleadas-domesticas-hicieran-huelga.php\" class=\"more-link\" title=\"Read \u00bfQu\u00e9 pasar\u00ed\u00ada si las empleadas dom\u00e9sticas hicieran huelga?\">Read more &raquo;<\/a><\/p>\n","protected":false},"author":69,"featured_media":21151,"comment_status":"open","ping_status":"closed","sticky":false,"template":"","format":"standard","meta":[],"categories":[14,113],"tags":[],"_links":{"self":[{"href":"https:\/\/diariodevurgos.com\/dvwps\/wp-json\/wp\/v2\/posts\/21133"}],"collection":[{"href":"https:\/\/diariodevurgos.com\/dvwps\/wp-json\/wp\/v2\/posts"}],"about":[{"href":"https:\/\/diariodevurgos.com\/dvwps\/wp-json\/wp\/v2\/types\/post"}],"author":[{"embeddable":true,"href":"https:\/\/diariodevurgos.com\/dvwps\/wp-json\/wp\/v2\/users\/69"}],"replies":[{"embeddable":true,"href":"https:\/\/diariodevurgos.com\/dvwps\/wp-json\/wp\/v2\/comments?post=21133"}],"version-history":[{"count":2,"href":"https:\/\/diariodevurgos.com\/dvwps\/wp-json\/wp\/v2\/posts\/21133\/revisions"}],"predecessor-version":[{"id":21150,"href":"https:\/\/diariodevurgos.com\/dvwps\/wp-json\/wp\/v2\/posts\/21133\/revisions\/21150"}],"wp:featuredmedia":[{"embeddable":true,"href":"https:\/\/diariodevurgos.com\/dvwps\/wp-json\/wp\/v2\/media\/21151"}],"wp:attachment":[{"href":"https:\/\/diariodevurgos.com\/dvwps\/wp-json\/wp\/v2\/media?parent=21133"}],"wp:term":[{"taxonomy":"category","embeddable":true,"href":"https:\/\/diariodevurgos.com\/dvwps\/wp-json\/wp\/v2\/categories?post=21133"},{"taxonomy":"post_tag","embeddable":true,"href":"https:\/\/diariodevurgos.com\/dvwps\/wp-json\/wp\/v2\/tags?post=21133"}],"curies":[{"name":"wp","href":"https:\/\/api.w.org\/{rel}","templated":true}]}}