{"id":21157,"date":"2019-02-12T12:17:06","date_gmt":"2019-02-12T11:17:06","guid":{"rendered":"http:\/\/diariodevurgos.com\/dvwps\/?p=21157"},"modified":"2019-02-12T12:17:06","modified_gmt":"2019-02-12T11:17:06","slug":"defendamos-el-csr","status":"publish","type":"post","link":"https:\/\/diariodevurgos.com\/dvwps\/defendamos-el-csr.php","title":{"rendered":"Defendamos el CSR"},"content":{"rendered":"<p class=\"lead\">La Fundaci\u00f3n bancaria<strong> Caja de Burgos vuelve a amenazar con desalojar<\/strong> el Centro Social Recuperado.<\/p>\n<p>Desde el <strong>CSR<\/strong> hacen un llamamiento a <strong>manifestarse<\/strong> a las<strong> 20:00 h<\/strong>. el d\u00ed\u00ada que se produzca el desalojo en la zona 0.<\/p>\n<p><!--more--><br \/>\nDesde el espacio est\u00e1n impulsando una campa\u00f1a de defensa de los espacios ocupados y autogestionados. Cada semana est\u00e1n informando en las puertas de los centros de la Fundaci\u00f3n bancaria para que los usuarios sepan del conflicto abierto y muestren su apoyo.<\/p>\n<p>&nbsp;<\/p>\n<p>El pasado 26 de enero celebraron su quinto aniversario y realizaron un pasacalles por el barrio para informar a los vecinos de la situaci\u00f3n, seguido de una comida y una charla de los compa\u00f1eros de &#8220;Can Vies&#8221;\u009d.<\/p>\n<p>&nbsp;<\/p>\n<p>En la <a href=\"http:\/\/csrgamonal.ga\">p\u00e1gina del CSR\u00a0<\/a>tienen el panfleto para descargar e imprimir y puedes ir consultando sus actividades.<\/p>\n<p>&nbsp;<\/p>\n<p>Desde este diario queremos expresar nuestra solidaridad para conseguir entre todas parar este desalojo.<\/p>\n<p>&nbsp;<\/p>\n<img loading=\"lazy\" width=\"724\" height=\"1024\" class=\"aligncenter size-large wp-image-21158\" src=\"http:\/\/diariodevurgos.com\/dvwps\/wp-content\/uploads\/2019\/02\/CSRcarteldiadesalojo-724x1024.png\" alt=\"\" srcset=\"https:\/\/diariodevurgos.com\/dvwps\/wp-content\/uploads\/2019\/02\/CSRcarteldiadesalojo-724x1024.png 724w, https:\/\/diariodevurgos.com\/dvwps\/wp-content\/uploads\/2019\/02\/CSRcarteldiadesalojo-212x300.png 212w, https:\/\/diariodevurgos.com\/dvwps\/wp-content\/uploads\/2019\/02\/CSRcarteldiadesalojo-768x1086.png 768w, https:\/\/diariodevurgos.com\/dvwps\/wp-content\/uploads\/2019\/02\/CSRcarteldiadesalojo-370x523.png 370w, https:\/\/diariodevurgos.com\/dvwps\/wp-content\/uploads\/2019\/02\/CSRcarteldiadesalojo.png 900w\" sizes=\"(max-width: 724px) 100vw, 724px\" \/>\n<p>&nbsp;<\/p>\n<img loading=\"lazy\" width=\"1000\" height=\"499\" class=\"aligncenter size-full wp-image-21169\" src=\"http:\/\/diariodevurgos.com\/dvwps\/wp-content\/uploads\/2019\/02\/1.png\" alt=\"\" srcset=\"https:\/\/diariodevurgos.com\/dvwps\/wp-content\/uploads\/2019\/02\/1.png 1000w, https:\/\/diariodevurgos.com\/dvwps\/wp-content\/uploads\/2019\/02\/1-300x150.png 300w, https:\/\/diariodevurgos.com\/dvwps\/wp-content\/uploads\/2019\/02\/1-768x383.png 768w, https:\/\/diariodevurgos.com\/dvwps\/wp-content\/uploads\/2019\/02\/1-370x185.png 370w\" sizes=\"(max-width: 1000px) 100vw, 1000px\" \/>\n<p>&nbsp;<\/p>\n<img loading=\"lazy\" width=\"1000\" height=\"563\" class=\"aligncenter size-full wp-image-21168\" src=\"http:\/\/diariodevurgos.com\/dvwps\/wp-content\/uploads\/2019\/02\/2.png\" alt=\"\" srcset=\"https:\/\/diariodevurgos.com\/dvwps\/wp-content\/uploads\/2019\/02\/2.png 1000w, https:\/\/diariodevurgos.com\/dvwps\/wp-content\/uploads\/2019\/02\/2-300x169.png 300w, https:\/\/diariodevurgos.com\/dvwps\/wp-content\/uploads\/2019\/02\/2-768x432.png 768w, https:\/\/diariodevurgos.com\/dvwps\/wp-content\/uploads\/2019\/02\/2-370x208.png 370w\" sizes=\"(max-width: 1000px) 100vw, 1000px\" \/>\n<p>&nbsp;<\/p>\n<p>&nbsp;<\/p>\n<img loading=\"lazy\" width=\"724\" height=\"1024\" class=\"aligncenter size-large wp-image-21159\" src=\"http:\/\/diariodevurgos.com\/dvwps\/wp-content\/uploads\/2019\/02\/CSRcartel-724x1024.png\" alt=\"\" srcset=\"https:\/\/diariodevurgos.com\/dvwps\/wp-content\/uploads\/2019\/02\/CSRcartel-724x1024.png 724w, https:\/\/diariodevurgos.com\/dvwps\/wp-content\/uploads\/2019\/02\/CSRcartel-212x300.png 212w, https:\/\/diariodevurgos.com\/dvwps\/wp-content\/uploads\/2019\/02\/CSRcartel-768x1086.png 768w, https:\/\/diariodevurgos.com\/dvwps\/wp-content\/uploads\/2019\/02\/CSRcartel-370x523.png 370w, https:\/\/diariodevurgos.com\/dvwps\/wp-content\/uploads\/2019\/02\/CSRcartel.png 900w\" sizes=\"(max-width: 724px) 100vw, 724px\" \/>\n<p>&nbsp;<\/p>\n<img loading=\"lazy\" width=\"1024\" height=\"576\" class=\"aligncenter size-large wp-image-21167\" src=\"http:\/\/diariodevurgos.com\/dvwps\/wp-content\/uploads\/2019\/02\/10-1024x576.jpg\" alt=\"\" srcset=\"https:\/\/diariodevurgos.com\/dvwps\/wp-content\/uploads\/2019\/02\/10.jpg 1024w, https:\/\/diariodevurgos.com\/dvwps\/wp-content\/uploads\/2019\/02\/10-300x169.jpg 300w, https:\/\/diariodevurgos.com\/dvwps\/wp-content\/uploads\/2019\/02\/10-768x432.jpg 768w, https:\/\/diariodevurgos.com\/dvwps\/wp-content\/uploads\/2019\/02\/10-370x208.jpg 370w\" sizes=\"(max-width: 1024px) 100vw, 1024px\" \/>\n<p>&nbsp;<\/p>\n<img loading=\"lazy\" width=\"1024\" height=\"576\" class=\"aligncenter size-large wp-image-21166\" src=\"http:\/\/diariodevurgos.com\/dvwps\/wp-content\/uploads\/2019\/02\/11-1024x576.jpg\" alt=\"\" srcset=\"https:\/\/diariodevurgos.com\/dvwps\/wp-content\/uploads\/2019\/02\/11.jpg 1024w, https:\/\/diariodevurgos.com\/dvwps\/wp-content\/uploads\/2019\/02\/11-300x169.jpg 300w, https:\/\/diariodevurgos.com\/dvwps\/wp-content\/uploads\/2019\/02\/11-768x432.jpg 768w, https:\/\/diariodevurgos.com\/dvwps\/wp-content\/uploads\/2019\/02\/11-370x208.jpg 370w\" sizes=\"(max-width: 1024px) 100vw, 1024px\" \/>\n<p>&nbsp;<\/p>\n<img loading=\"lazy\" width=\"1024\" height=\"576\" class=\"aligncenter size-large wp-image-21165\" src=\"http:\/\/diariodevurgos.com\/dvwps\/wp-content\/uploads\/2019\/02\/12-1024x576.jpg\" alt=\"\" srcset=\"https:\/\/diariodevurgos.com\/dvwps\/wp-content\/uploads\/2019\/02\/12.jpg 1024w, https:\/\/diariodevurgos.com\/dvwps\/wp-content\/uploads\/2019\/02\/12-300x169.jpg 300w, https:\/\/diariodevurgos.com\/dvwps\/wp-content\/uploads\/2019\/02\/12-768x432.jpg 768w, https:\/\/diariodevurgos.com\/dvwps\/wp-content\/uploads\/2019\/02\/12-370x208.jpg 370w\" sizes=\"(max-width: 1024px) 100vw, 1024px\" \/>\n<p>&nbsp;<\/p>\n<img loading=\"lazy\" width=\"1024\" height=\"576\" class=\"aligncenter size-large wp-image-21164\" src=\"http:\/\/diariodevurgos.com\/dvwps\/wp-content\/uploads\/2019\/02\/13-1024x576.jpg\" alt=\"\" srcset=\"https:\/\/diariodevurgos.com\/dvwps\/wp-content\/uploads\/2019\/02\/13.jpg 1024w, https:\/\/diariodevurgos.com\/dvwps\/wp-content\/uploads\/2019\/02\/13-300x169.jpg 300w, https:\/\/diariodevurgos.com\/dvwps\/wp-content\/uploads\/2019\/02\/13-768x432.jpg 768w, https:\/\/diariodevurgos.com\/dvwps\/wp-content\/uploads\/2019\/02\/13-370x208.jpg 370w\" sizes=\"(max-width: 1024px) 100vw, 1024px\" \/>\n<p>&nbsp;<\/p>\n<img loading=\"lazy\" width=\"1024\" height=\"576\" class=\"aligncenter size-large wp-image-21163\" src=\"http:\/\/diariodevurgos.com\/dvwps\/wp-content\/uploads\/2019\/02\/14-1024x576.jpg\" alt=\"\" srcset=\"https:\/\/diariodevurgos.com\/dvwps\/wp-content\/uploads\/2019\/02\/14.jpg 1024w, https:\/\/diariodevurgos.com\/dvwps\/wp-content\/uploads\/2019\/02\/14-300x169.jpg 300w, https:\/\/diariodevurgos.com\/dvwps\/wp-content\/uploads\/2019\/02\/14-768x432.jpg 768w, https:\/\/diariodevurgos.com\/dvwps\/wp-content\/uploads\/2019\/02\/14-370x208.jpg 370w\" sizes=\"(max-width: 1024px) 100vw, 1024px\" \/>\n<p>&nbsp;<\/p>\n<img loading=\"lazy\" width=\"559\" height=\"794\" class=\"aligncenter size-full wp-image-21160\" src=\"http:\/\/diariodevurgos.com\/dvwps\/wp-content\/uploads\/2019\/02\/CSRnosetocaa5.jpg\" alt=\"\" srcset=\"https:\/\/diariodevurgos.com\/dvwps\/wp-content\/uploads\/2019\/02\/CSRnosetocaa5.jpg 559w, https:\/\/diariodevurgos.com\/dvwps\/wp-content\/uploads\/2019\/02\/CSRnosetocaa5-211x300.jpg 211w, https:\/\/diariodevurgos.com\/dvwps\/wp-content\/uploads\/2019\/02\/CSRnosetocaa5-370x526.jpg 370w\" sizes=\"(max-width: 559px) 100vw, 559px\" \/>\n<img loading=\"lazy\" width=\"559\" height=\"794\" class=\"aligncenter size-full wp-image-21161\" src=\"http:\/\/diariodevurgos.com\/dvwps\/wp-content\/uploads\/2019\/02\/CSRnosetocaa5-2.jpg\" alt=\"\" srcset=\"https:\/\/diariodevurgos.com\/dvwps\/wp-content\/uploads\/2019\/02\/CSRnosetocaa5-2.jpg 559w, https:\/\/diariodevurgos.com\/dvwps\/wp-content\/uploads\/2019\/02\/CSRnosetocaa5-2-211x300.jpg 211w, https:\/\/diariodevurgos.com\/dvwps\/wp-content\/uploads\/2019\/02\/CSRnosetocaa5-2-370x526.jpg 370w\" sizes=\"(max-width: 559px) 100vw, 559px\" \/>\n<p>&nbsp;<\/p>\n","protected":false},"excerpt":{"rendered":"<p>La Fundaci\u00f3n bancaria Caja de Burgos vuelve a amenazar con desalojar el Centro Social Recuperado. Desde el CSR hacen un llamamiento a manifestarse a las 20:00 h. el d\u00ed\u00ada que se produzca el desalojo en la zona 0.<\/p>\n","protected":false},"author":23,"featured_media":21158,"comment_status":"open","ping_status":"closed","sticky":false,"template":"","format":"standard","meta":[],"categories":[2,78,18,17],"tags":[],"_links":{"self":[{"href":"https:\/\/diariodevurgos.com\/dvwps\/wp-json\/wp\/v2\/posts\/21157"}],"collection":[{"href":"https:\/\/diariodevurgos.com\/dvwps\/wp-json\/wp\/v2\/posts"}],"about":[{"href":"https:\/\/diariodevurgos.com\/dvwps\/wp-json\/wp\/v2\/types\/post"}],"author":[{"embeddable":true,"href":"https:\/\/diariodevurgos.com\/dvwps\/wp-json\/wp\/v2\/users\/23"}],"replies":[{"embeddable":true,"href":"https:\/\/diariodevurgos.com\/dvwps\/wp-json\/wp\/v2\/comments?post=21157"}],"version-history":[{"count":3,"href":"https:\/\/diariodevurgos.com\/dvwps\/wp-json\/wp\/v2\/posts\/21157\/revisions"}],"predecessor-version":[{"id":21171,"href":"https:\/\/diariodevurgos.com\/dvwps\/wp-json\/wp\/v2\/posts\/21157\/revisions\/21171"}],"wp:featuredmedia":[{"embeddable":true,"href":"https:\/\/diariodevurgos.com\/dvwps\/wp-json\/wp\/v2\/media\/21158"}],"wp:attachment":[{"href":"https:\/\/diariodevurgos.com\/dvwps\/wp-json\/wp\/v2\/media?parent=21157"}],"wp:term":[{"taxonomy":"category","embeddable":true,"href":"https:\/\/diariodevurgos.com\/dvwps\/wp-json\/wp\/v2\/categories?post=21157"},{"taxonomy":"post_tag","embeddable":true,"href":"https:\/\/diariodevurgos.com\/dvwps\/wp-json\/wp\/v2\/tags?post=21157"}],"curies":[{"name":"wp","href":"https:\/\/api.w.org\/{rel}","templated":true}]}}