{"id":21248,"date":"2019-02-27T12:50:17","date_gmt":"2019-02-27T11:50:17","guid":{"rendered":"http:\/\/diariodevurgos.com\/dvwps\/?p=21248"},"modified":"2019-02-27T12:53:59","modified_gmt":"2019-02-27T11:53:59","slug":"charla-sobre-permisos-de-paternidad-y-maternidad","status":"publish","type":"post","link":"https:\/\/diariodevurgos.com\/dvwps\/charla-sobre-permisos-de-paternidad-y-maternidad.php","title":{"rendered":"Charla sobre permisos de paternidad y maternidad"},"content":{"rendered":"<p class=\"lead\">Siguiendo con los actos que se est\u00e1n desarrollando en la ciudad de cara la huelga 8M, este jueves a las 20h. en la Sala Polis\u00f3n la activista de la PPIINA (Plataforma por Permisos Iguales e Intransferibles de Nacimiento y Adopci\u00f3n) Mar\u00ed\u00ada Pazos Mor\u00e1n dar\u00e1 una charla sobre este tema.<\/p>\n<p>Es adem\u00e1s la\u00a0 autora del libro &#8220;Contra el Patriarcado&#8221;\u009d que se puede descargar de su blog.<\/p>\n<p>De cara a la huelga de cuidados que es uno de los ejes del 8M, debatir sobre el reparto equitativo de este trabajo, en este caso, de la propuesta de equiparar los permisos de maternidad\/paternidad, retribuidos al 100% y con car\u00e1cter intransferible.<\/p>\n<p>\u00a1A la Huelga Feminista! \u00a1Si nosotras paramos, se para el mundo!<\/p>\n<img class=\"size-medium wp-image-21249 aligncenter\" src=\"http:\/\/diariodevurgos.com\/dvwps\/wp-content\/uploads\/2019\/02\/Mar\u00ed\u00ada-Pazos1-216x300.jpg\" alt=\"\" \/>\n","protected":false},"excerpt":{"rendered":"<p>Siguiendo con los actos que se est\u00e1n desarrollando en la ciudad de cara la huelga 8M, este jueves a las 20h. en la Sala Polis\u00f3n la activista de la PPIINA (Plataforma por Permisos Iguales e Intransferibles de Nacimiento y Adopci\u00f3n) Mar\u00ed\u00ada Pazos Mor\u00e1n dar\u00e1 una charla sobre este tema. Es adem\u00e1s la\u00a0 autora del libro&#8230;  <a href=\"https:\/\/diariodevurgos.com\/dvwps\/charla-sobre-permisos-de-paternidad-y-maternidad.php\" class=\"more-link\" title=\"Read Charla sobre permisos de paternidad y maternidad\">Read more &raquo;<\/a><\/p>\n","protected":false},"author":69,"featured_media":21249,"comment_status":"open","ping_status":"closed","sticky":false,"template":"","format":"standard","meta":[],"categories":[14,113],"tags":[],"_links":{"self":[{"href":"https:\/\/diariodevurgos.com\/dvwps\/wp-json\/wp\/v2\/posts\/21248"}],"collection":[{"href":"https:\/\/diariodevurgos.com\/dvwps\/wp-json\/wp\/v2\/posts"}],"about":[{"href":"https:\/\/diariodevurgos.com\/dvwps\/wp-json\/wp\/v2\/types\/post"}],"author":[{"embeddable":true,"href":"https:\/\/diariodevurgos.com\/dvwps\/wp-json\/wp\/v2\/users\/69"}],"replies":[{"embeddable":true,"href":"https:\/\/diariodevurgos.com\/dvwps\/wp-json\/wp\/v2\/comments?post=21248"}],"version-history":[{"count":3,"href":"https:\/\/diariodevurgos.com\/dvwps\/wp-json\/wp\/v2\/posts\/21248\/revisions"}],"predecessor-version":[{"id":21252,"href":"https:\/\/diariodevurgos.com\/dvwps\/wp-json\/wp\/v2\/posts\/21248\/revisions\/21252"}],"wp:featuredmedia":[{"embeddable":true,"href":"https:\/\/diariodevurgos.com\/dvwps\/wp-json\/wp\/v2\/media\/21249"}],"wp:attachment":[{"href":"https:\/\/diariodevurgos.com\/dvwps\/wp-json\/wp\/v2\/media?parent=21248"}],"wp:term":[{"taxonomy":"category","embeddable":true,"href":"https:\/\/diariodevurgos.com\/dvwps\/wp-json\/wp\/v2\/categories?post=21248"},{"taxonomy":"post_tag","embeddable":true,"href":"https:\/\/diariodevurgos.com\/dvwps\/wp-json\/wp\/v2\/tags?post=21248"}],"curies":[{"name":"wp","href":"https:\/\/api.w.org\/{rel}","templated":true}]}}