{"id":21259,"date":"2019-02-28T12:32:38","date_gmt":"2019-02-28T11:32:38","guid":{"rendered":"http:\/\/diariodevurgos.com\/dvwps\/?p=21259"},"modified":"2019-02-28T12:36:26","modified_gmt":"2019-02-28T11:36:26","slug":"presentacion-de-el-tesoro-de-lucio-en-la-biblioteca-la-maldita","status":"publish","type":"post","link":"https:\/\/diariodevurgos.com\/dvwps\/presentacion-de-el-tesoro-de-lucio-en-la-biblioteca-la-maldita.php","title":{"rendered":"Presentaci\u00f3n de &#8220;El tesoro de Lucio&#8221;\u009d en la Biblioteca La Maldita"},"content":{"rendered":"<p class=\"lead\">Prosigue el <a href=\"https:\/\/diariodevurgos.com\/dvwps\/i-ciclo-comic-historia-anarquia-presentacion-de-novelas-graficas-en-la-biblioteca-la-maldita.php\">I Ciclo c\u00f3mic, historia y anarqu\u00ed\u00ada en la Biblioteca La Maldita de Gamonal<\/a> con la presentaci\u00f3n este <strong>viernes<\/strong> <strong>1 de marzo<\/strong> de la novela gr\u00e1fica<em> El tesoro de Lucio. Una novela gr\u00e1fica sobre la vida de Lucio Urtubia<\/em>. El evento, que dar\u00e1 comienzo a partir de las <strong>20:00 horas<\/strong>, contar\u00e1 con la presencia de<a href=\"http:\/\/www.belatz.com\/pagina_belatz.html\"> Belatz<\/a>, autor de esta obra que recoge en forma de historieta la apasionante vida del anarquista navarro Lucio Urtubia.<\/p>\n<p>&nbsp;<\/p>\n<p><iframe loading=\"lazy\" width=\"580\" height=\"326\" src=\"https:\/\/www.youtube.com\/embed\/1uluw6TqjtI?feature=oembed\" frameborder=\"0\" allow=\"accelerometer; autoplay; encrypted-media; gyroscope; picture-in-picture\" allowfullscreen><\/iframe><\/p>\n<p><strong>Mikel Santos<\/strong>, m\u00e1s conocido por su nombre art\u00ed\u00adstico de <strong>Belatz<\/strong>, es un dibujante e ilustrados navarro que form\u00f3 parte de <em>Kukuxumusu<\/em> y actualmente es parte del equipo creativo de Mikel Urmeneta. En su trayectoria art\u00ed\u00adstica ha ilustrado tanto a nivel nacional como internacional diversos libros infantiles. <em>El tesoro de Lucio<\/em> (Txalaparta) es su reto m\u00e1s ambicioso, hasta la fecha, en el terreno profesional. Para conocer m\u00e1s sobre este c\u00f3mic y la vida de Lucio, os remitimos a la <a href=\"https:\/\/ondaexpansiva.net\/en-busca-del-tesoro-de-lucio\/\">reciente entrevista realizada por Radio Onda Expansiva con Belatz<\/a>.<\/p>\n<p><strong>Lucio Urtubia J\u00ed\u00admenez<\/strong> (Cascante, Navarra, 1931) naci\u00f3 en el seno de una familia republicana represaliada durante el franquismo. En 1954 huy\u00f3 a Francia desertando del ej\u00e9rcito y en Par\u00ed\u00ads empez\u00f3 a trabajar como alba\u00f1il y a frecuentas los c\u00ed\u00adrculos anarquistas del exilio ib\u00e9rico. Particip\u00f3 de forma activa en la resistencia libertaria contra el franquismo, donde conoci\u00f3 al hist\u00f3rico guerrillero Quico Sabat\u00e9, y puso contra las cuerdas al First Nacional Bank al plagar el mercado internacional con cientos de cheques de viajes falsos. Actualmente reside entre la capital del Sena y su Cascante natal.<\/p>\n<p>Tras la finalizaci\u00f3n de la presentaci\u00f3n de la novela gr\u00e1fica y el posterior coloquio Belatz firmar\u00e1 de forma personalizada ejemplares de <em>El tesoro de Lucio<\/em> a quien lo desee.<\/p>\n","protected":false},"excerpt":{"rendered":"<p>Prosigue el I Ciclo c\u00f3mic, historia y anarqu\u00ed\u00ada en la Biblioteca La Maldita de Gamonal con la presentaci\u00f3n este viernes 1 de marzo de la novela gr\u00e1fica El tesoro de Lucio. Una novela gr\u00e1fica sobre la vida de Lucio Urtubia. El evento, que dar\u00e1 comienzo a partir de las 20:00 horas, contar\u00e1 con la presencia&#8230;  <a href=\"https:\/\/diariodevurgos.com\/dvwps\/presentacion-de-el-tesoro-de-lucio-en-la-biblioteca-la-maldita.php\" class=\"more-link\" title=\"Read Presentaci\u00f3n de &#8220;El tesoro de Lucio&#8221;\u009d en la Biblioteca La Maldita\">Read more &raquo;<\/a><\/p>\n","protected":false},"author":2,"featured_media":21260,"comment_status":"open","ping_status":"closed","sticky":false,"template":"","format":"standard","meta":[],"categories":[2,73,14,27,47,30,8],"tags":[],"_links":{"self":[{"href":"https:\/\/diariodevurgos.com\/dvwps\/wp-json\/wp\/v2\/posts\/21259"}],"collection":[{"href":"https:\/\/diariodevurgos.com\/dvwps\/wp-json\/wp\/v2\/posts"}],"about":[{"href":"https:\/\/diariodevurgos.com\/dvwps\/wp-json\/wp\/v2\/types\/post"}],"author":[{"embeddable":true,"href":"https:\/\/diariodevurgos.com\/dvwps\/wp-json\/wp\/v2\/users\/2"}],"replies":[{"embeddable":true,"href":"https:\/\/diariodevurgos.com\/dvwps\/wp-json\/wp\/v2\/comments?post=21259"}],"version-history":[{"count":3,"href":"https:\/\/diariodevurgos.com\/dvwps\/wp-json\/wp\/v2\/posts\/21259\/revisions"}],"predecessor-version":[{"id":21263,"href":"https:\/\/diariodevurgos.com\/dvwps\/wp-json\/wp\/v2\/posts\/21259\/revisions\/21263"}],"wp:featuredmedia":[{"embeddable":true,"href":"https:\/\/diariodevurgos.com\/dvwps\/wp-json\/wp\/v2\/media\/21260"}],"wp:attachment":[{"href":"https:\/\/diariodevurgos.com\/dvwps\/wp-json\/wp\/v2\/media?parent=21259"}],"wp:term":[{"taxonomy":"category","embeddable":true,"href":"https:\/\/diariodevurgos.com\/dvwps\/wp-json\/wp\/v2\/categories?post=21259"},{"taxonomy":"post_tag","embeddable":true,"href":"https:\/\/diariodevurgos.com\/dvwps\/wp-json\/wp\/v2\/tags?post=21259"}],"curies":[{"name":"wp","href":"https:\/\/api.w.org\/{rel}","templated":true}]}}