{"id":21292,"date":"2019-03-01T11:31:44","date_gmt":"2019-03-01T10:31:44","guid":{"rendered":"http:\/\/diariodevurgos.com\/dvwps\/?p=21292"},"modified":"2019-03-03T11:35:40","modified_gmt":"2019-03-03T10:35:40","slug":"y-las-marzas-regresaron-a-gamonal","status":"publish","type":"post","link":"https:\/\/diariodevurgos.com\/dvwps\/y-las-marzas-regresaron-a-gamonal.php","title":{"rendered":"Y las Marzas regresaron a Gamonal&#8230;"},"content":{"rendered":"<p class=\"lead\">La pasada noche del 28 de febrero al 1 de marzo Gamonal volvi\u00f3 a ser testigo de la celebraci\u00f3n de las marzas, una tradici\u00f3n que se remonta a tiempos milenarios y que sirvi\u00f3 para reunir alrededor de la hoguera a varias generaciones de vecinos.<!--more--><\/p>\n<p>Las marzas son unas cancioncillas populares con las que diversos pueblos del norte de la Pen\u00ed\u00adnsula Ib\u00e9rica celebraban la llegada de la primavera. Una tradici\u00f3n que se remonta hasta antes de la llegada de los romanos, cuyo calendario fue reformado introduciendo dos nuevos meses. Todav\u00ed\u00ada hoy en d\u00ed\u00ada en algunos pueblos, sobretodo del sur de Cantabria y del norte de la provincia de Burgos, se prosigue con el tradicional canto de las marzas durante la \u00faltima noche del mes de febrero.<\/p>\n<p style=\"text-align: center;\">\n<p>En Gamonal esta tradici\u00f3n se perdi\u00f3 con el paso del tiempo y volvi\u00f3 a ser retomada tras las protestas contra la construcci\u00f3n del aquel bulevar en enero de 2014. A pesar de que el a\u00f1o pasado las marzas faltaron en el barrio, esta edici\u00f3n de 2019 ha retomado una tradici\u00f3n que logra reunir a personas de diferentes edades en torno a la hoguera y al tradicional canto de estas cancioncillas populares.<\/p>\n\n\t\t<style type=\"text\/css\">\n\t\t\t#gallery-1 {\n\t\t\t\tmargin: auto;\n\t\t\t}\n\t\t\t#gallery-1 .gallery-item {\n\t\t\t\tfloat: left;\n\t\t\t\tmargin-top: 10px;\n\t\t\t\ttext-align: center;\n\t\t\t\twidth: 50%;\n\t\t\t}\n\t\t\t#gallery-1 img {\n\t\t\t\tborder: 2px solid #cfcfcf;\n\t\t\t}\n\t\t\t#gallery-1 .gallery-caption {\n\t\t\t\tmargin-left: 0;\n\t\t\t}\n\t\t\t\/* see gallery_shortcode() in wp-includes\/media.php *\/\n\t\t<\/style>\n\t\t<div id='gallery-1' class='gallery galleryid-21292 gallery-columns-2 gallery-size-large'><dl class='gallery-item'>\n\t\t\t<dt class='gallery-icon landscape'>\n\t\t\t\t<a class=\"thumbnail\" href='https:\/\/diariodevurgos.com\/dvwps\/y-las-marzas-regresaron-a-gamonal.php\/img_4902'><img width=\"580\" height=\"435\" src=\"https:\/\/diariodevurgos.com\/dvwps\/wp-content\/uploads\/2019\/03\/IMG_4902-1024x768.jpg\" class=\"attachment-large size-large\" alt=\"\" loading=\"lazy\" srcset=\"https:\/\/diariodevurgos.com\/dvwps\/wp-content\/uploads\/2019\/03\/IMG_4902-1024x768.jpg 1024w, https:\/\/diariodevurgos.com\/dvwps\/wp-content\/uploads\/2019\/03\/IMG_4902-300x225.jpg 300w, https:\/\/diariodevurgos.com\/dvwps\/wp-content\/uploads\/2019\/03\/IMG_4902-768x576.jpg 768w, https:\/\/diariodevurgos.com\/dvwps\/wp-content\/uploads\/2019\/03\/IMG_4902-400x300.jpg 400w, https:\/\/diariodevurgos.com\/dvwps\/wp-content\/uploads\/2019\/03\/IMG_4902-370x278.jpg 370w\" sizes=\"(max-width: 580px) 100vw, 580px\" \/><\/a>\n\t\t\t<\/dt><\/dl><dl class='gallery-item'>\n\t\t\t<dt class='gallery-icon landscape'>\n\t\t\t\t<a class=\"thumbnail\" href='https:\/\/diariodevurgos.com\/dvwps\/y-las-marzas-regresaron-a-gamonal.php\/img_4904'><img width=\"580\" height=\"435\" src=\"https:\/\/diariodevurgos.com\/dvwps\/wp-content\/uploads\/2019\/03\/IMG_4904-1024x768.jpg\" class=\"attachment-large size-large\" alt=\"\" loading=\"lazy\" srcset=\"https:\/\/diariodevurgos.com\/dvwps\/wp-content\/uploads\/2019\/03\/IMG_4904-1024x768.jpg 1024w, https:\/\/diariodevurgos.com\/dvwps\/wp-content\/uploads\/2019\/03\/IMG_4904-300x225.jpg 300w, https:\/\/diariodevurgos.com\/dvwps\/wp-content\/uploads\/2019\/03\/IMG_4904-768x576.jpg 768w, https:\/\/diariodevurgos.com\/dvwps\/wp-content\/uploads\/2019\/03\/IMG_4904-400x300.jpg 400w, https:\/\/diariodevurgos.com\/dvwps\/wp-content\/uploads\/2019\/03\/IMG_4904-370x278.jpg 370w\" sizes=\"(max-width: 580px) 100vw, 580px\" \/><\/a>\n\t\t\t<\/dt><\/dl><br style=\"clear: both\" \/>\n\t\t<\/div>\n\n<p>Como en anteriores ediciones, las marzas de Gamonal, adem\u00e1s de seguir con los elementos marcados por la tradici\u00f3n, incluyeron tambi\u00e9n <a href=\"https:\/\/twitter.com\/DiariodeVurgos\/status\/1101360884725805057\">mensajes reivindicativos en defensa del Centro Social Recuperado de Gamonal<\/a> que desde hace ya algunos meses vuelve a encontrarse bajo amenaza de desalojo por parte de Fundaci\u00f3n Caja de Burgos.<\/p>\n<p>Por otro lado, conviven destacar que, <a href=\"https:\/\/twitter.com\/CsrGamonal\/status\/1101802667637116928\">frente a la pol\u00e9mica originada por los desperfectos causados por la hoguera de las marzas en algunas losetas de la Plaza Mayor del centro de Burgos<\/a>, en Gamonal el pavimento de la plaza de la Real y Antigua amaneci\u00f3 intacto. Un hecho que pone de manifiesto que, en gran medida, el trabajo y al compromiso de los vecinos representan un activo superior que el apoyo y financiaci\u00f3n institucional.<\/p>\n","protected":false},"excerpt":{"rendered":"<p>La pasada noche del 28 de febrero al 1 de marzo Gamonal volvi\u00f3 a ser testigo de la celebraci\u00f3n de las marzas, una tradici\u00f3n que se remonta a tiempos milenarios y que sirvi\u00f3 para reunir alrededor de la hoguera a varias generaciones de vecinos.<\/p>\n","protected":false},"author":2,"featured_media":21293,"comment_status":"open","ping_status":"closed","sticky":false,"template":"","format":"standard","meta":[],"categories":[2,64,78,27],"tags":[],"_links":{"self":[{"href":"https:\/\/diariodevurgos.com\/dvwps\/wp-json\/wp\/v2\/posts\/21292"}],"collection":[{"href":"https:\/\/diariodevurgos.com\/dvwps\/wp-json\/wp\/v2\/posts"}],"about":[{"href":"https:\/\/diariodevurgos.com\/dvwps\/wp-json\/wp\/v2\/types\/post"}],"author":[{"embeddable":true,"href":"https:\/\/diariodevurgos.com\/dvwps\/wp-json\/wp\/v2\/users\/2"}],"replies":[{"embeddable":true,"href":"https:\/\/diariodevurgos.com\/dvwps\/wp-json\/wp\/v2\/comments?post=21292"}],"version-history":[{"count":4,"href":"https:\/\/diariodevurgos.com\/dvwps\/wp-json\/wp\/v2\/posts\/21292\/revisions"}],"predecessor-version":[{"id":21299,"href":"https:\/\/diariodevurgos.com\/dvwps\/wp-json\/wp\/v2\/posts\/21292\/revisions\/21299"}],"wp:featuredmedia":[{"embeddable":true,"href":"https:\/\/diariodevurgos.com\/dvwps\/wp-json\/wp\/v2\/media\/21293"}],"wp:attachment":[{"href":"https:\/\/diariodevurgos.com\/dvwps\/wp-json\/wp\/v2\/media?parent=21292"}],"wp:term":[{"taxonomy":"category","embeddable":true,"href":"https:\/\/diariodevurgos.com\/dvwps\/wp-json\/wp\/v2\/categories?post=21292"},{"taxonomy":"post_tag","embeddable":true,"href":"https:\/\/diariodevurgos.com\/dvwps\/wp-json\/wp\/v2\/tags?post=21292"}],"curies":[{"name":"wp","href":"https:\/\/api.w.org\/{rel}","templated":true}]}}