{"id":2142,"date":"2008-12-03T10:41:18","date_gmt":"2008-12-03T09:41:18","guid":{"rendered":"http:\/\/diariodevurgos.com\/dvwps\/para-esto-si-te-reunes-con-los-vecinos.php"},"modified":"2008-12-03T11:37:17","modified_gmt":"2008-12-03T10:37:17","slug":"para-esto-si-te-reunes-con-los-vecinos","status":"publish","type":"post","link":"https:\/\/diariodevurgos.com\/dvwps\/para-esto-si-te-reunes-con-los-vecinos.php","title":{"rendered":"Para esto si te re\u00fanes con los vecinos"},"content":{"rendered":"<p class=\"lead\"><img loading=\"lazy\" align=\"right\" width=\"96\" src=\"http:\/\/diariodevurgos.com\/dvwps\/wp-content\/uploads\/2007\/02\/apapayaso.jpg\" alt=\"ApaPayaso\" height=\"96\" \/>Por aquello de Eladio Perlado dec\u00ed\u00adan que el Alcalde no se reun\u00ed\u00ada con vecinos, nunca, que eso era una tonter\u00ed\u00ada, que lo hace todo a trav\u00e9s de <a href=\"http:\/\/diariodevurgos.com\/dvwps\/la-manipulacion-de-los-consejos-de-barrio.php\" title=\"consejosDeBarrio\">los traidores Consejos de Barrio<\/a>, pero es mentira, el Alcalde sabe, puede y habla con los vecinos, incluso si son de Gamonal.<!--more--><\/p>\n<p>El Alcalde se va a reunir con los vecinos de Las Torres, no sabemos gracias a quien, ni como, ni por qu\u00e9 . No obstante desde esta web le felicitamos por semejante encuentro. Es normal que si en un barrio residencial alguien decide poner una discoteca, como va a pasar en Las Torres, a los vecinos\u00a0 no les guste demasiado la idea y quieran protestar, est\u00e1n en su perfecto derecho y desde mi humilde punto de vista tienen toda la raz\u00f3n para oponerse a una cosa as\u00ed\u00ad.<\/p>\n<p>El problema ahora son todas esas lineas mal gastadas, todas esas patra\u00f1as arrojadas a otros vecinos de Gamonal que en su d\u00ed\u00ada protestaron contra un parking y que en el Ayuntamiento nunca les recibieron ni les hicieron el m\u00e1s m\u00ed\u00adnimo caso, mediaban con el Consejo de Barrio que nunca les represento como dice hacer y que fue la tapadera del autoritarismo del Alcalde. Esos vecinos que no hablaban por hablar, ya sab\u00ed\u00adan que significaba que les hiciesen un parkin cerca de sus casas y ya hab\u00ed\u00adan experimentado otras veces lo que termina sucediendo.<\/p>\n<p>El caso es que nuestro Alcalde tiene diferentes raseros para tratar de diferente forma a los mismos vecinos. Enhorabuena se\u00f1or Alcalde, puede tener la conciencia tranquila, a esos vecinos nunca les recibi\u00f3 para hablar con ellos, pero no contento con eso <a href=\"http:\/\/diariodevurgos.com\/dvwps\/sentencia-condenatoria-a-los-vecinos-procesados-por-las-protestas-contra-el-parking-de-la-manana-del-18-de-agosto.php\" title=\"protestarEladioPerlado\">les denuncio y les presento delante del juez por protestar<\/a>.<\/p>\n","protected":false},"excerpt":{"rendered":"<p>Por aquello de Eladio Perlado dec\u00ed\u00adan que el Alcalde no se reun\u00ed\u00ada con vecinos, nunca, que eso era una tonter\u00ed\u00ada, que lo hace todo a trav\u00e9s de los traidores Consejos de Barrio, pero es mentira, el Alcalde sabe, puede y habla con los vecinos, incluso si son de Gamonal.<\/p>\n","protected":false},"author":1,"featured_media":0,"comment_status":"open","ping_status":"closed","sticky":false,"template":"","format":"standard","meta":[],"categories":[2,17,5],"tags":[],"_links":{"self":[{"href":"https:\/\/diariodevurgos.com\/dvwps\/wp-json\/wp\/v2\/posts\/2142"}],"collection":[{"href":"https:\/\/diariodevurgos.com\/dvwps\/wp-json\/wp\/v2\/posts"}],"about":[{"href":"https:\/\/diariodevurgos.com\/dvwps\/wp-json\/wp\/v2\/types\/post"}],"author":[{"embeddable":true,"href":"https:\/\/diariodevurgos.com\/dvwps\/wp-json\/wp\/v2\/users\/1"}],"replies":[{"embeddable":true,"href":"https:\/\/diariodevurgos.com\/dvwps\/wp-json\/wp\/v2\/comments?post=2142"}],"version-history":[{"count":0,"href":"https:\/\/diariodevurgos.com\/dvwps\/wp-json\/wp\/v2\/posts\/2142\/revisions"}],"wp:attachment":[{"href":"https:\/\/diariodevurgos.com\/dvwps\/wp-json\/wp\/v2\/media?parent=2142"}],"wp:term":[{"taxonomy":"category","embeddable":true,"href":"https:\/\/diariodevurgos.com\/dvwps\/wp-json\/wp\/v2\/categories?post=2142"},{"taxonomy":"post_tag","embeddable":true,"href":"https:\/\/diariodevurgos.com\/dvwps\/wp-json\/wp\/v2\/tags?post=2142"}],"curies":[{"name":"wp","href":"https:\/\/api.w.org\/{rel}","templated":true}]}}