{"id":21580,"date":"2019-04-09T18:49:41","date_gmt":"2019-04-09T17:49:41","guid":{"rendered":"http:\/\/diariodevurgos.com\/dvwps\/?p=21580"},"modified":"2019-04-09T18:49:41","modified_gmt":"2019-04-09T17:49:41","slug":"cafe-tertulia-sostenibilidad-trabajo-y-empleoel-trabajo-desde-una-optica-ecologista","status":"publish","type":"post","link":"https:\/\/diariodevurgos.com\/dvwps\/cafe-tertulia-sostenibilidad-trabajo-y-empleoel-trabajo-desde-una-optica-ecologista.php","title":{"rendered":"Caf\u00e9 tertulia &#8220;Sostenibilidad, trabajo y empleo:el trabajo desde una \u00f3ptica ecologista&#8221;"},"content":{"rendered":"<p class=\"lead\"><img loading=\"lazy\" width=\"212\" height=\"300\" class=\"alignleft size-medium wp-image-21581\" src=\"http:\/\/diariodevurgos.com\/dvwps\/wp-content\/uploads\/2019\/04\/cfeabril-212x300.jpg\" alt=\"\" srcset=\"https:\/\/diariodevurgos.com\/dvwps\/wp-content\/uploads\/2019\/04\/cfeabril-212x300.jpg 212w, https:\/\/diariodevurgos.com\/dvwps\/wp-content\/uploads\/2019\/04\/cfeabril-768x1086.jpg 768w, https:\/\/diariodevurgos.com\/dvwps\/wp-content\/uploads\/2019\/04\/cfeabril-724x1024.jpg 724w, https:\/\/diariodevurgos.com\/dvwps\/wp-content\/uploads\/2019\/04\/cfeabril-370x523.jpg 370w\" sizes=\"(max-width: 212px) 100vw, 212px\" \/>El viernes\u00a0 12 de Abril a las 18 horas\u00a0 tendr\u00e1 lugar el caf\u00e9 tertulia donde se debatir\u00e1 entorno al texto de Chusa Lamarca: &#8220;Sostenibilidad, trabajo y empleo:el trabajo desde una \u00f3ptica ecologista&#8221; que se puede consultar en este <a href=\"https:\/\/www.nodo50.org\/maast\/ecotrabajo.htm\">enlace.<\/a><\/p>\n","protected":false},"excerpt":{"rendered":"<p>El viernes\u00a0 12 de Abril a las 18 horas\u00a0 tendr\u00e1 lugar el caf\u00e9 tertulia donde se debatir\u00e1 entorno al texto de Chusa Lamarca: &#8220;Sostenibilidad, trabajo y empleo:el trabajo desde una \u00f3ptica ecologista&#8221; que se puede consultar en este enlace.<\/p>\n","protected":false},"author":8,"featured_media":21581,"comment_status":"open","ping_status":"closed","sticky":false,"template":"","format":"standard","meta":[],"categories":[110,14],"tags":[],"_links":{"self":[{"href":"https:\/\/diariodevurgos.com\/dvwps\/wp-json\/wp\/v2\/posts\/21580"}],"collection":[{"href":"https:\/\/diariodevurgos.com\/dvwps\/wp-json\/wp\/v2\/posts"}],"about":[{"href":"https:\/\/diariodevurgos.com\/dvwps\/wp-json\/wp\/v2\/types\/post"}],"author":[{"embeddable":true,"href":"https:\/\/diariodevurgos.com\/dvwps\/wp-json\/wp\/v2\/users\/8"}],"replies":[{"embeddable":true,"href":"https:\/\/diariodevurgos.com\/dvwps\/wp-json\/wp\/v2\/comments?post=21580"}],"version-history":[{"count":1,"href":"https:\/\/diariodevurgos.com\/dvwps\/wp-json\/wp\/v2\/posts\/21580\/revisions"}],"predecessor-version":[{"id":21584,"href":"https:\/\/diariodevurgos.com\/dvwps\/wp-json\/wp\/v2\/posts\/21580\/revisions\/21584"}],"wp:featuredmedia":[{"embeddable":true,"href":"https:\/\/diariodevurgos.com\/dvwps\/wp-json\/wp\/v2\/media\/21581"}],"wp:attachment":[{"href":"https:\/\/diariodevurgos.com\/dvwps\/wp-json\/wp\/v2\/media?parent=21580"}],"wp:term":[{"taxonomy":"category","embeddable":true,"href":"https:\/\/diariodevurgos.com\/dvwps\/wp-json\/wp\/v2\/categories?post=21580"},{"taxonomy":"post_tag","embeddable":true,"href":"https:\/\/diariodevurgos.com\/dvwps\/wp-json\/wp\/v2\/tags?post=21580"}],"curies":[{"name":"wp","href":"https:\/\/api.w.org\/{rel}","templated":true}]}}