{"id":21689,"date":"2019-05-01T08:23:15","date_gmt":"2019-05-01T07:23:15","guid":{"rendered":"http:\/\/diariodevurgos.com\/dvwps\/?p=21689"},"modified":"2019-04-30T15:25:34","modified_gmt":"2019-04-30T14:25:34","slug":"fiesta-en-apoyo-a-comunales-vivos","status":"publish","type":"post","link":"https:\/\/diariodevurgos.com\/dvwps\/fiesta-en-apoyo-a-comunales-vivos.php","title":{"rendered":"Fiesta en apoyo a Comunales Vivos"},"content":{"rendered":"<p class=\"lead\">El pr\u00f3ximo <strong>viernes 3 de mayo<\/strong> se celebrar\u00e1 en <strong>Espacio Tangente<\/strong> una fiesta en apoyo al colectivo <strong>Comunales Vivos<\/strong>. El evento dar\u00e1 comienzo a partir de las <strong>21:00 horas<\/strong> siendo la entrada libre hasta completar el aforo.<\/p>\n<p style=\"text-align: center;\"><img loading=\"lazy\" class=\"aligncenter  wp-image-21690\" src=\"http:\/\/diariodevurgos.com\/dvwps\/wp-content\/uploads\/2019\/04\/PJLT2718-724x1024.jpg\" alt=\"\" width=\"473\" height=\"669\" srcset=\"https:\/\/diariodevurgos.com\/dvwps\/wp-content\/uploads\/2019\/04\/PJLT2718-724x1024.jpg 724w, https:\/\/diariodevurgos.com\/dvwps\/wp-content\/uploads\/2019\/04\/PJLT2718-212x300.jpg 212w, https:\/\/diariodevurgos.com\/dvwps\/wp-content\/uploads\/2019\/04\/PJLT2718-768x1086.jpg 768w, https:\/\/diariodevurgos.com\/dvwps\/wp-content\/uploads\/2019\/04\/PJLT2718-370x523.jpg 370w, https:\/\/diariodevurgos.com\/dvwps\/wp-content\/uploads\/2019\/04\/PJLT2718.jpg 877w\" sizes=\"(max-width: 473px) 100vw, 473px\" \/><\/p>\n","protected":false},"excerpt":{"rendered":"<p>El pr\u00f3ximo viernes 3 de mayo se celebrar\u00e1 en Espacio Tangente una fiesta en apoyo al colectivo Comunales Vivos. El evento dar\u00e1 comienzo a partir de las 21:00 horas siendo la entrada libre hasta completar el aforo.<\/p>\n","protected":false},"author":2,"featured_media":21690,"comment_status":"open","ping_status":"closed","sticky":false,"template":"","format":"standard","meta":[],"categories":[12,14,16],"tags":[],"_links":{"self":[{"href":"https:\/\/diariodevurgos.com\/dvwps\/wp-json\/wp\/v2\/posts\/21689"}],"collection":[{"href":"https:\/\/diariodevurgos.com\/dvwps\/wp-json\/wp\/v2\/posts"}],"about":[{"href":"https:\/\/diariodevurgos.com\/dvwps\/wp-json\/wp\/v2\/types\/post"}],"author":[{"embeddable":true,"href":"https:\/\/diariodevurgos.com\/dvwps\/wp-json\/wp\/v2\/users\/2"}],"replies":[{"embeddable":true,"href":"https:\/\/diariodevurgos.com\/dvwps\/wp-json\/wp\/v2\/comments?post=21689"}],"version-history":[{"count":1,"href":"https:\/\/diariodevurgos.com\/dvwps\/wp-json\/wp\/v2\/posts\/21689\/revisions"}],"predecessor-version":[{"id":21691,"href":"https:\/\/diariodevurgos.com\/dvwps\/wp-json\/wp\/v2\/posts\/21689\/revisions\/21691"}],"wp:featuredmedia":[{"embeddable":true,"href":"https:\/\/diariodevurgos.com\/dvwps\/wp-json\/wp\/v2\/media\/21690"}],"wp:attachment":[{"href":"https:\/\/diariodevurgos.com\/dvwps\/wp-json\/wp\/v2\/media?parent=21689"}],"wp:term":[{"taxonomy":"category","embeddable":true,"href":"https:\/\/diariodevurgos.com\/dvwps\/wp-json\/wp\/v2\/categories?post=21689"},{"taxonomy":"post_tag","embeddable":true,"href":"https:\/\/diariodevurgos.com\/dvwps\/wp-json\/wp\/v2\/tags?post=21689"}],"curies":[{"name":"wp","href":"https:\/\/api.w.org\/{rel}","templated":true}]}}