{"id":2169,"date":"2008-12-10T23:50:20","date_gmt":"2008-12-10T22:50:20","guid":{"rendered":"http:\/\/diariodevurgos.com\/dvwps\/las-balas-de-la-democracia.php"},"modified":"2008-12-10T23:50:20","modified_gmt":"2008-12-10T22:50:20","slug":"las-balas-de-la-democracia","status":"publish","type":"post","link":"https:\/\/diariodevurgos.com\/dvwps\/las-balas-de-la-democracia.php","title":{"rendered":"Las balas de la democracia"},"content":{"rendered":"<p align=\"left\" class=\"lead\">Mientras permanecemos la espera de la cr\u00f3nica de nuestros enviados a la concentraci\u00f3n en solidaridad con la revuelta griega que ha tenido lugar esta tarde en <a href=\"http:\/\/diariodevurgos.com\/dvwps\/concentracion-aqui-y-en-grecia-policia-asesina.php\" title=\"Concentraci\u00f3n solidaria\">la plaza Roma de Gamonal <\/a>publicamos una serie de im\u00e1genes que han dado ya la vuelta al mundo. No solo en los diferentes focos de disturbios sino en el propio funeral de Alexandros la polic\u00ed\u00ada ha hecho uso de armas de fuego contra los manifestantes.<\/p>\n<p align=\"center\"><img loading=\"lazy\" width=\"346\" src=\"http:\/\/diariodevurgos.com\/dvwps\/wp-content\/uploads\/2008\/12\/000111.jpg\" alt=\"Disparando\" height=\"260\" style=\"width: 294px; height: 228px\" \/><\/p>\n<p><!--more--><\/p>\n<p>Parlamente ha comenzado a difundirse la versi\u00f3n del Estado Griego sobre la muerte de Alexandros que da por buena la teor\u00ed\u00ada policial de la bala que rebota en una cartel met\u00e1lico para despu\u00e9s impactar en el joven. Viendo im\u00e1genes como est\u00e1 solo nos queda preguntarnos hasta cu\u00e1ndo vamos a permitir la complicidad con el terrorismo de Estado de gran parte de los medios de comunicaci\u00f3n oficiales.<\/p>\n<p align=\"center\"><img loading=\"lazy\" width=\"366\" src=\"http:\/\/diariodevurgos.com\/dvwps\/wp-content\/uploads\/2008\/12\/00000.jpg\" alt=\"mas\" height=\"255\" style=\"width: 306px; height: 232px\" \/><\/p>\n<p>\u00bfExisten muertos de primera (pol\u00ed\u00adticos, empresarios&#8230;) y muertos de segunda?. \u00bfD\u00f3nde est\u00e1n ahora los <a href=\"http:\/\/www.klinamen.org\/article5436.html\">comunicados de condena de determinadas entidades <\/a>que recientemente se han posiciona do en contra del terror?<br \/>\n\u00bfNo es terrorismo que quienes dicen proteger a los ciudadanos disparen a sangre fr\u00ed\u00ada sin mediar palabra?<\/p>\n","protected":false},"excerpt":{"rendered":"<p>Mientras permanecemos la espera de la cr\u00f3nica de nuestros enviados a la concentraci\u00f3n en solidaridad con la revuelta griega que ha tenido lugar esta tarde en la plaza Roma de Gamonal publicamos una serie de im\u00e1genes que han dado ya la vuelta al mundo. No solo en los diferentes focos de disturbios sino en el&#8230;  <a href=\"https:\/\/diariodevurgos.com\/dvwps\/las-balas-de-la-democracia.php\" class=\"more-link\" title=\"Read Las balas de la democracia\">Read more &raquo;<\/a><\/p>\n","protected":false},"author":2,"featured_media":0,"comment_status":"open","ping_status":"closed","sticky":false,"template":"","format":"standard","meta":[],"categories":[3,14,24,17],"tags":[],"_links":{"self":[{"href":"https:\/\/diariodevurgos.com\/dvwps\/wp-json\/wp\/v2\/posts\/2169"}],"collection":[{"href":"https:\/\/diariodevurgos.com\/dvwps\/wp-json\/wp\/v2\/posts"}],"about":[{"href":"https:\/\/diariodevurgos.com\/dvwps\/wp-json\/wp\/v2\/types\/post"}],"author":[{"embeddable":true,"href":"https:\/\/diariodevurgos.com\/dvwps\/wp-json\/wp\/v2\/users\/2"}],"replies":[{"embeddable":true,"href":"https:\/\/diariodevurgos.com\/dvwps\/wp-json\/wp\/v2\/comments?post=2169"}],"version-history":[{"count":0,"href":"https:\/\/diariodevurgos.com\/dvwps\/wp-json\/wp\/v2\/posts\/2169\/revisions"}],"wp:attachment":[{"href":"https:\/\/diariodevurgos.com\/dvwps\/wp-json\/wp\/v2\/media?parent=2169"}],"wp:term":[{"taxonomy":"category","embeddable":true,"href":"https:\/\/diariodevurgos.com\/dvwps\/wp-json\/wp\/v2\/categories?post=2169"},{"taxonomy":"post_tag","embeddable":true,"href":"https:\/\/diariodevurgos.com\/dvwps\/wp-json\/wp\/v2\/tags?post=2169"}],"curies":[{"name":"wp","href":"https:\/\/api.w.org\/{rel}","templated":true}]}}