{"id":21699,"date":"2019-05-01T08:25:10","date_gmt":"2019-05-01T07:25:10","guid":{"rendered":"http:\/\/diariodevurgos.com\/dvwps\/?p=21699"},"modified":"2019-05-01T08:25:10","modified_gmt":"2019-05-01T07:25:10","slug":"localizan-una-fosa-comun-de-la-guerra-civil-en-el-entorno-protegido-de-atapuerca","status":"publish","type":"post","link":"https:\/\/diariodevurgos.com\/dvwps\/localizan-una-fosa-comun-de-la-guerra-civil-en-el-entorno-protegido-de-atapuerca.php","title":{"rendered":"Localizan una fosa com\u00fan de la Guerra Civil en el entorno protegido de Atapuerca"},"content":{"rendered":"<p class=\"lead\">Miembros de la Coordinadora para la Recuperaci\u00f3n de la Memoria Hist\u00f3rica de Burgos han iniciado los trabajos de exhumaci\u00f3n de una fosa com\u00fan situada a escasos kil\u00f3metros de los yacimientos de la Sierra de Atapuerca entre las localidades de Zalduendo e Ibeas de Juarros.<!--more--><\/p>\n<p>Desde el pasado lunes han dado comienzo los trabajos de exhumaci\u00f3n de una fosa com\u00fan de la Guerra Civil situada en pleno \u00e1rea protegida del entorno de los yacimientos de Atapuerca, junto a la carretera N-120 entre los t\u00e9rminos municipales de Ibeas de Juarros y Zalduendo. Para la elecci\u00f3n del emplazamiento en el que actualmente se est\u00e1 interviniendo, la <a href=\"http:\/\/www.rmhburgos.org\/\">Coordinadora para la Recuperaci\u00f3n de la Memoria Hist\u00f3rica de Burgos<\/a> ha tomado como referencia documentaci\u00f3n de la antigua Prisi\u00f3n Central de Burgos as\u00ed\u00ad como testimonios orales de los residentes en la zona y familiares de las personas que fueron fusiladas en este paraje.<\/p>\n<p style=\"text-align: center;\"><img loading=\"lazy\" class=\"aligncenter  wp-image-21702\" src=\"http:\/\/diariodevurgos.com\/dvwps\/wp-content\/uploads\/2019\/05\/Fosa-Ibeas-2-1024x768.jpg\" alt=\"\" width=\"389\" height=\"292\" srcset=\"https:\/\/diariodevurgos.com\/dvwps\/wp-content\/uploads\/2019\/05\/Fosa-Ibeas-2-1024x768.jpg 1024w, https:\/\/diariodevurgos.com\/dvwps\/wp-content\/uploads\/2019\/05\/Fosa-Ibeas-2-300x225.jpg 300w, https:\/\/diariodevurgos.com\/dvwps\/wp-content\/uploads\/2019\/05\/Fosa-Ibeas-2-768x576.jpg 768w, https:\/\/diariodevurgos.com\/dvwps\/wp-content\/uploads\/2019\/05\/Fosa-Ibeas-2-400x300.jpg 400w, https:\/\/diariodevurgos.com\/dvwps\/wp-content\/uploads\/2019\/05\/Fosa-Ibeas-2-370x278.jpg 370w\" sizes=\"(max-width: 389px) 100vw, 389px\" \/><\/p>\n<p style=\"text-align: center;\"><img loading=\"lazy\" class=\"aligncenter  wp-image-21701\" src=\"http:\/\/diariodevurgos.com\/dvwps\/wp-content\/uploads\/2019\/05\/Fosa-Ibeas-3-1024x768.jpg\" alt=\"\" width=\"392\" height=\"294\" srcset=\"https:\/\/diariodevurgos.com\/dvwps\/wp-content\/uploads\/2019\/05\/Fosa-Ibeas-3-1024x768.jpg 1024w, https:\/\/diariodevurgos.com\/dvwps\/wp-content\/uploads\/2019\/05\/Fosa-Ibeas-3-300x225.jpg 300w, https:\/\/diariodevurgos.com\/dvwps\/wp-content\/uploads\/2019\/05\/Fosa-Ibeas-3-768x576.jpg 768w, https:\/\/diariodevurgos.com\/dvwps\/wp-content\/uploads\/2019\/05\/Fosa-Ibeas-3-400x300.jpg 400w, https:\/\/diariodevurgos.com\/dvwps\/wp-content\/uploads\/2019\/05\/Fosa-Ibeas-3-370x278.jpg 370w\" sizes=\"(max-width: 392px) 100vw, 392px\" \/><\/p>\n<p>La excavaci\u00f3n, dirigida por Sandra Ortega y Encarna Valdivielso, aborda un \u00e1rea delimitada por un sondeo previo en el que tras varias catas realizadas por el equipo t\u00e9cnico de la CRMH se logr\u00f3 localizar finalmente la fosa que se encuentra perpendicular al Camino de Santiago. Durante estos primeros d\u00ed\u00adas de intervenci\u00f3n est\u00e1n apareciendo ya los primeros restos humanos que podr\u00ed\u00adan pertenecer a 7 personas asesinadas en agosto de 1936 durante un traslado penitenciario a la prisi\u00f3n de Pamplona y cuyos cad\u00e1veres, seg\u00fan apuntan las fuentes orales, fueron sepultados al lado de la carretera.<\/p>\n","protected":false},"excerpt":{"rendered":"<p>Miembros de la Coordinadora para la Recuperaci\u00f3n de la Memoria Hist\u00f3rica de Burgos han iniciado los trabajos de exhumaci\u00f3n de una fosa com\u00fan situada a escasos kil\u00f3metros de los yacimientos de la Sierra de Atapuerca entre las localidades de Zalduendo e Ibeas de Juarros.<\/p>\n","protected":false},"author":2,"featured_media":21700,"comment_status":"open","ping_status":"closed","sticky":false,"template":"","format":"standard","meta":[],"categories":[2,71],"tags":[],"_links":{"self":[{"href":"https:\/\/diariodevurgos.com\/dvwps\/wp-json\/wp\/v2\/posts\/21699"}],"collection":[{"href":"https:\/\/diariodevurgos.com\/dvwps\/wp-json\/wp\/v2\/posts"}],"about":[{"href":"https:\/\/diariodevurgos.com\/dvwps\/wp-json\/wp\/v2\/types\/post"}],"author":[{"embeddable":true,"href":"https:\/\/diariodevurgos.com\/dvwps\/wp-json\/wp\/v2\/users\/2"}],"replies":[{"embeddable":true,"href":"https:\/\/diariodevurgos.com\/dvwps\/wp-json\/wp\/v2\/comments?post=21699"}],"version-history":[{"count":1,"href":"https:\/\/diariodevurgos.com\/dvwps\/wp-json\/wp\/v2\/posts\/21699\/revisions"}],"predecessor-version":[{"id":21703,"href":"https:\/\/diariodevurgos.com\/dvwps\/wp-json\/wp\/v2\/posts\/21699\/revisions\/21703"}],"wp:featuredmedia":[{"embeddable":true,"href":"https:\/\/diariodevurgos.com\/dvwps\/wp-json\/wp\/v2\/media\/21700"}],"wp:attachment":[{"href":"https:\/\/diariodevurgos.com\/dvwps\/wp-json\/wp\/v2\/media?parent=21699"}],"wp:term":[{"taxonomy":"category","embeddable":true,"href":"https:\/\/diariodevurgos.com\/dvwps\/wp-json\/wp\/v2\/categories?post=21699"},{"taxonomy":"post_tag","embeddable":true,"href":"https:\/\/diariodevurgos.com\/dvwps\/wp-json\/wp\/v2\/tags?post=21699"}],"curies":[{"name":"wp","href":"https:\/\/api.w.org\/{rel}","templated":true}]}}