{"id":21738,"date":"2019-05-09T22:31:11","date_gmt":"2019-05-09T21:31:11","guid":{"rendered":"http:\/\/diariodevurgos.com\/dvwps\/?p=21738"},"modified":"2019-05-09T22:32:07","modified_gmt":"2019-05-09T21:32:07","slug":"localizados-los-siete-cuerpos-en-la-fosa-comun-de-la-paredeja","status":"publish","type":"post","link":"https:\/\/diariodevurgos.com\/dvwps\/localizados-los-siete-cuerpos-en-la-fosa-comun-de-la-paredeja.php","title":{"rendered":"Localizados los siete cuerpos en la fosa com\u00fan de La Paredeja"},"content":{"rendered":"<p class=\"lead\">Los trabajos de exhumaci\u00f3n realizados en<strong> La Paredeja<\/strong>,\u00a0 la fosa com\u00fan localizada justo en el margen de la N-120 entre las localidades de Ibeas y Zalduendo, han concluido con la identificaci\u00f3n y exhumaci\u00f3n de los restos de siete varones asesinados en agosto de 1936 durante un traslado penitenciario.<!--more--><\/p>\n<p>Tras varias jornadas de trabajo en las que se han tenido que superar no pocas adversidades, la intervenci\u00f3n en la fosa de<strong> La Paredeja<\/strong> ha dado como resultado la identificaci\u00f3n de los restos de las siete personas que yac\u00ed\u00adan sepultadas desde el verano de 1936. Seg\u00fan apuntan todo los indicios, y tal y como <a href=\"https:\/\/diariodevurgos.com\/dvwps\/localizan-una-fosa-comun-de-la-guerra-civil-en-el-entorno-protegido-de-atapuerca.php\">ya hab\u00ed\u00adamos comentado<\/a>,\u00a0 se tratar\u00ed\u00ada de varios ciudadanos que fueron arrestados a los pocos d\u00ed\u00adas del inicio del alzamiento militar e internados en la Prisi\u00f3n Central de Burgos desde donde fueron trasladados a la de Pamplona, destino que nunca pudieron alcanzar.<\/p>\n<p>La <a href=\"http:\/\/www.rmhburgos.org\/\">Coordinadora por la Recuperaci\u00f3n de la Memoria Hist\u00f3rica de Burgos<\/a> est\u00e1 a la espera de poder realizar los estudios antropol\u00f3gicos y gen\u00e9ticos que permitan identificar la identidad de las personas fusiladas a trav\u00e9s de muestras de ADN de los familiares demandantes. Varios de ellos han estado siguiendo los trabajos de excavaci\u00f3n acudiendo a pie de fosa casi a diario hasta que han podido ser localizados de los restos de sus seres queridos.<\/p>\n\n\t\t<style type=\"text\/css\">\n\t\t\t#gallery-1 {\n\t\t\t\tmargin: auto;\n\t\t\t}\n\t\t\t#gallery-1 .gallery-item {\n\t\t\t\tfloat: left;\n\t\t\t\tmargin-top: 10px;\n\t\t\t\ttext-align: center;\n\t\t\t\twidth: 33%;\n\t\t\t}\n\t\t\t#gallery-1 img {\n\t\t\t\tborder: 2px solid #cfcfcf;\n\t\t\t}\n\t\t\t#gallery-1 .gallery-caption {\n\t\t\t\tmargin-left: 0;\n\t\t\t}\n\t\t\t\/* see gallery_shortcode() in wp-includes\/media.php *\/\n\t\t<\/style>\n\t\t<div id='gallery-1' class='gallery galleryid-21738 gallery-columns-3 gallery-size-large'><dl class='gallery-item'>\n\t\t\t<dt class='gallery-icon landscape'>\n\t\t\t\t<a class=\"thumbnail\" href='https:\/\/diariodevurgos.com\/dvwps\/wp-content\/uploads\/2019\/05\/IMG_5107.jpg'><img width=\"580\" height=\"435\" src=\"https:\/\/diariodevurgos.com\/dvwps\/wp-content\/uploads\/2019\/05\/IMG_5107-1024x768.jpg\" class=\"attachment-large size-large\" alt=\"\" loading=\"lazy\" srcset=\"https:\/\/diariodevurgos.com\/dvwps\/wp-content\/uploads\/2019\/05\/IMG_5107-1024x768.jpg 1024w, https:\/\/diariodevurgos.com\/dvwps\/wp-content\/uploads\/2019\/05\/IMG_5107-300x225.jpg 300w, https:\/\/diariodevurgos.com\/dvwps\/wp-content\/uploads\/2019\/05\/IMG_5107-768x576.jpg 768w, https:\/\/diariodevurgos.com\/dvwps\/wp-content\/uploads\/2019\/05\/IMG_5107-400x300.jpg 400w, https:\/\/diariodevurgos.com\/dvwps\/wp-content\/uploads\/2019\/05\/IMG_5107-370x278.jpg 370w\" sizes=\"(max-width: 580px) 100vw, 580px\" \/><\/a>\n\t\t\t<\/dt><\/dl><dl class='gallery-item'>\n\t\t\t<dt class='gallery-icon landscape'>\n\t\t\t\t<a class=\"thumbnail\" href='https:\/\/diariodevurgos.com\/dvwps\/wp-content\/uploads\/2019\/05\/IMG_5106.jpg'><img width=\"580\" height=\"435\" src=\"https:\/\/diariodevurgos.com\/dvwps\/wp-content\/uploads\/2019\/05\/IMG_5106-1024x768.jpg\" class=\"attachment-large size-large\" alt=\"\" loading=\"lazy\" srcset=\"https:\/\/diariodevurgos.com\/dvwps\/wp-content\/uploads\/2019\/05\/IMG_5106-1024x768.jpg 1024w, https:\/\/diariodevurgos.com\/dvwps\/wp-content\/uploads\/2019\/05\/IMG_5106-300x225.jpg 300w, https:\/\/diariodevurgos.com\/dvwps\/wp-content\/uploads\/2019\/05\/IMG_5106-768x576.jpg 768w, https:\/\/diariodevurgos.com\/dvwps\/wp-content\/uploads\/2019\/05\/IMG_5106-400x300.jpg 400w, https:\/\/diariodevurgos.com\/dvwps\/wp-content\/uploads\/2019\/05\/IMG_5106-370x278.jpg 370w\" sizes=\"(max-width: 580px) 100vw, 580px\" \/><\/a>\n\t\t\t<\/dt><\/dl><dl class='gallery-item'>\n\t\t\t<dt class='gallery-icon landscape'>\n\t\t\t\t<a class=\"thumbnail\" href='https:\/\/diariodevurgos.com\/dvwps\/wp-content\/uploads\/2019\/05\/IMG_5104.jpg'><img width=\"580\" height=\"435\" src=\"https:\/\/diariodevurgos.com\/dvwps\/wp-content\/uploads\/2019\/05\/IMG_5104-1024x768.jpg\" class=\"attachment-large size-large\" alt=\"\" loading=\"lazy\" srcset=\"https:\/\/diariodevurgos.com\/dvwps\/wp-content\/uploads\/2019\/05\/IMG_5104-1024x768.jpg 1024w, https:\/\/diariodevurgos.com\/dvwps\/wp-content\/uploads\/2019\/05\/IMG_5104-300x225.jpg 300w, https:\/\/diariodevurgos.com\/dvwps\/wp-content\/uploads\/2019\/05\/IMG_5104-768x576.jpg 768w, https:\/\/diariodevurgos.com\/dvwps\/wp-content\/uploads\/2019\/05\/IMG_5104-400x300.jpg 400w, https:\/\/diariodevurgos.com\/dvwps\/wp-content\/uploads\/2019\/05\/IMG_5104-370x278.jpg 370w\" sizes=\"(max-width: 580px) 100vw, 580px\" \/><\/a>\n\t\t\t<\/dt><\/dl><br style=\"clear: both\" \/>\n\t\t<\/div>\n\n<p>La CRMH de Burgos ser\u00e1 la encargada de custodiar los restos humanos mientras dure el proceso que permita arrojar luz sobre las identidades de estas personas asesinadas por la represi\u00f3n franquista.<\/p>\n","protected":false},"excerpt":{"rendered":"<p>Los trabajos de exhumaci\u00f3n realizados en La Paredeja,\u00a0 la fosa com\u00fan localizada justo en el margen de la N-120 entre las localidades de Ibeas y Zalduendo, han concluido con la identificaci\u00f3n y exhumaci\u00f3n de los restos de siete varones asesinados en agosto de 1936 durante un traslado penitenciario.<\/p>\n","protected":false},"author":2,"featured_media":21739,"comment_status":"open","ping_status":"closed","sticky":false,"template":"","format":"standard","meta":[],"categories":[2,71],"tags":[],"_links":{"self":[{"href":"https:\/\/diariodevurgos.com\/dvwps\/wp-json\/wp\/v2\/posts\/21738"}],"collection":[{"href":"https:\/\/diariodevurgos.com\/dvwps\/wp-json\/wp\/v2\/posts"}],"about":[{"href":"https:\/\/diariodevurgos.com\/dvwps\/wp-json\/wp\/v2\/types\/post"}],"author":[{"embeddable":true,"href":"https:\/\/diariodevurgos.com\/dvwps\/wp-json\/wp\/v2\/users\/2"}],"replies":[{"embeddable":true,"href":"https:\/\/diariodevurgos.com\/dvwps\/wp-json\/wp\/v2\/comments?post=21738"}],"version-history":[{"count":2,"href":"https:\/\/diariodevurgos.com\/dvwps\/wp-json\/wp\/v2\/posts\/21738\/revisions"}],"predecessor-version":[{"id":21743,"href":"https:\/\/diariodevurgos.com\/dvwps\/wp-json\/wp\/v2\/posts\/21738\/revisions\/21743"}],"wp:featuredmedia":[{"embeddable":true,"href":"https:\/\/diariodevurgos.com\/dvwps\/wp-json\/wp\/v2\/media\/21739"}],"wp:attachment":[{"href":"https:\/\/diariodevurgos.com\/dvwps\/wp-json\/wp\/v2\/media?parent=21738"}],"wp:term":[{"taxonomy":"category","embeddable":true,"href":"https:\/\/diariodevurgos.com\/dvwps\/wp-json\/wp\/v2\/categories?post=21738"},{"taxonomy":"post_tag","embeddable":true,"href":"https:\/\/diariodevurgos.com\/dvwps\/wp-json\/wp\/v2\/tags?post=21738"}],"curies":[{"name":"wp","href":"https:\/\/api.w.org\/{rel}","templated":true}]}}